{"id":27588282,"date":"2025-11-28T06:33:07","date_gmt":"2025-11-28T06:33:07","guid":{"rendered":"https:\/\/patiofurnituresco.com\/?p=27588282"},"modified":"2025-12-22T07:55:03","modified_gmt":"2025-12-22T07:55:03","slug":"guarda-sois-pequenos-para-patios-economia-de-espaco-sombra-varandas-compactas","status":"publish","type":"post","link":"https:\/\/patiofurnituresco.com\/pt\/guarda-sois-pequenos-para-patios-economia-de-espaco-sombra-varandas-compactas\/","title":{"rendered":"Melhor guarda-sol pequeno para p\u00e1tio (varanda e guarda-s\u00f3is de meia-lua)"},"content":{"rendered":"<p>Encontrar sombra para uma varanda estreita ou um p\u00e1tio compacto pode ser dif\u00edcil quando guarda-s\u00f3is de tamanho normal dominam o seu espa\u00e7o limitado. Muitos residentes precisam de uma solu\u00e7\u00e3o mais pequena e pr\u00e1tica que se adapte a \u00e1reas apertadas sem perder conforto ou estilo.<\/p>\n<p>Este guia explora o que define um guarda-sol pequeno, por que os guarda-s\u00f3is de meia haste s\u00e3o adequados para layouts estreitos e como escolher o tamanho e o design certos. Ele ajuda os propriet\u00e1rios de apartamentos e moradias a criar espa\u00e7os exteriores sombreados que parecem equilibrados e proporcionam uma sensa\u00e7\u00e3o relaxante.<\/p>\n<h2>O que \u00e9 um guarda-sol pequeno para p\u00e1tio?<\/h2>\n<blockquote style=\"border-left: 4px solid #fa8500; padding: 12px 18px; margin: 20px 0; background-color: #f9f9f9;\"><p>Um pequeno <a href=\"https:\/\/patiofurnituresco.com\/pt\/ensaio-de-resistencia-ao-vento-astm-f3681\/\"  data-wpil-monitor-id=\"816\">guarda-sol<\/a> normalmente mede entre <strong>6<\/strong> para <strong>2,4 metros<\/strong> de di\u00e2metro e fornece cerca de <strong>33<\/strong> para <strong>44 p\u00e9s quadrados<\/strong> de sombra. Foi concebido para pequenos <a href=\"https:\/\/patiofurnituresco.com\/pt\/fabricante-de-assentos-para-exteriores\/\"  data-wpil-monitor-id=\"832\">\u00e1reas exteriores, como varandas e esplanadas de caf\u00e9s<\/a>, acomodando <strong>1 a 4 pessoas<\/strong> confortavelmente.<\/p><\/blockquote>\n<p>Pequeno <a href=\"https:\/\/patiofurnituresco.com\/pt\/guarda-sois-para-patios-selecao-de-sombras-duraveis-2025\/\"  data-wpil-monitor-id=\"820\">guarda-s\u00f3is de p\u00e1tio<\/a> s\u00e3o solu\u00e7\u00f5es compactas de sombreamento para exteriores, concebidas para espa\u00e7os limitados. Proporcionam uma cobertura eficiente sem dominar o layout, tornando-as pr\u00e1ticas para pequenos p\u00e1tios, varandas de apartamentos ou terra\u00e7os urbanos. Pela nossa experi\u00eancia, selecionar o tamanho certo do guarda-sol garante conforto e equil\u00edbrio est\u00e9tico, mesmo em \u00e1reas restritas.<\/p>\n<h3>Defini\u00e7\u00e3o e dimens\u00f5es principais<\/h3>\n<p>Um guarda-sol pequeno \u00e9 definido pelo seu di\u00e2metro, que normalmente varia entre <strong>6<\/strong> e <strong>2,4 metros<\/strong>. Os tamanhos comuns incluem <strong>2 metros<\/strong> e <strong>2,3 metros<\/strong>, ambos concebidos para criar zonas de sombra agrad\u00e1veis para arranjos de assentos aconchegantes.<\/p>\n<ul>\n<li>\ud83d\udca1 Faixa de di\u00e2metro: <strong>1,80 m a 2,40 m<\/strong> com tamanhos padr\u00e3o da ind\u00fastria de <strong>2 metros<\/strong> e <strong>2,3 m<\/strong>.<\/li>\n<li>\u2705 Proporciona cobertura de sombra a partir de <strong>33<\/strong> para <strong>44 p\u00e9s quadrados<\/strong>, dependendo do di\u00e2metro.<\/li>\n<li>\u2705 Adequado para configura\u00e7\u00f5es de assentos que acomodam <strong>1\u20134 pessoas<\/strong> ou tabelas <strong>24\u201336 polegadas<\/strong> de di\u00e2metro, ou mesas quadradas at\u00e9 <strong>9\u201312 p\u00e9s quadrados<\/strong>.<\/li>\n<\/ul>\n<p>Esta classifica\u00e7\u00e3o de tamanho concentra-se em maximizar a efici\u00eancia da cobertura, mantendo a manobrabilidade para espa\u00e7os compactos.<\/p>\n<h3>Aplica\u00e7\u00f5es comuns e usos ideais<\/h3>\n<p>Estes guarda-chuvas adaptam-se perfeitamente a \u00e1reas que exigem uma gest\u00e3o inteligente do espa\u00e7o. O seu design permite uma vida ao ar livre descontra\u00edda e assentos ao estilo de caf\u00e9 em ambientes apertados.<\/p>\n<ul>\n<li>\u2705 Ideal para varandas pequenas, p\u00e1tios estreitos e decks de piscina.<\/li>\n<li>\ud83d\udca1 Comumente usado para configura\u00e7\u00f5es \u00edntimas de bistr\u00f4s ou caf\u00e9s.<\/li>\n<li>\ud83d\ude80 F\u00e1cil de mover e instalar \u2014 perfeito para ambientes com espa\u00e7o limitado.<\/li>\n<li>\u2705 Popular entre os residentes de moradias geminadas e estabelecimentos comerciais que necessitam de solu\u00e7\u00f5es compactas para sombreamento.<\/li>\n<\/ul>\n<p>O melhor guarda-sol pequeno para p\u00e1tios combina estilo e praticidade, ajudando os utilizadores a criar recantos sombreados funcionais onde os guarda-s\u00f3is de tamanho normal n\u00e3o cabem.<\/p>\n<h3>Caracter\u00edsticas e considera\u00e7\u00f5es pr\u00e1ticas<\/h3>\n<p>Os guarda-s\u00f3is pequenos para p\u00e1tios variam em peso, estabilidade e ajustabilidade. Esses fatores determinam o desempenho, especialmente quando se equilibra a portabilidade com a seguran\u00e7a em condi\u00e7\u00f5es de vento.<\/p>\n<ul>\n<li>\u2699\ufe0f Bases leves com peso de <strong>20\u201340 libras<\/strong> Permitem uma configura\u00e7\u00e3o f\u00e1cil, mas requerem uma coloca\u00e7\u00e3o cuidadosa em condi\u00e7\u00f5es de vento.<\/li>\n<li>\u26a0\ufe0f O di\u00e2metro da manga da base n\u00e3o deve exceder o do mastro do guarda-chuva em mais de <strong>0,25 polegadas<\/strong> para manter a estabilidade estrutural.<\/li>\n<li>\ud83d\udca1 Alturas ajust\u00e1veis do poste \u2014 variando de aproximadamente <strong>5&#8217;11&#8221;<\/strong> para <strong>7&#8217;2&#8243;<\/strong>\u2014oferecem flexibilidade para direcionar a sombra ao longo do dia.<\/li>\n<li>\u2705 Muitos designs incluem mecanismos de inclina\u00e7\u00e3o para ajuste do \u00e2ngulo solar e maior conforto em diferentes disposi\u00e7\u00f5es de assentos.<\/li>\n<\/ul>\n<p>Essas caracter\u00edsticas combinam-se para aumentar a seguran\u00e7a e a adaptabilidade dos guarda-s\u00f3is compactos para exterior, garantindo que cumpram os padr\u00f5es de conforto e durabilidade encontrados em modelos maiores.<\/p>\n<h3>Abordando equ\u00edvocos comuns<\/h3>\n<p>Os guarda-s\u00f3is pequenos para p\u00e1tios s\u00e3o frequentemente considerados demasiado limitados para uso em grupo, o que n\u00e3o \u00e9 totalmente verdade. Na realidade, os designs modernos cobrem eficazmente pequenas \u00e1reas de jantar e de estar.<\/p>\n<ul>\n<li>\ud83d\udca1 A <strong>2,3 metros<\/strong> o guarda-sol pode sombrear assentos para at\u00e9 <strong>quatro pessoas<\/strong>, n\u00e3o apenas cadeiras individuais.<\/li>\n<li>\u2705 Oferece um equil\u00edbrio vers\u00e1til entre configura\u00e7\u00f5es ultracompactas e de tamanho m\u00e9dio para v\u00e1rios ambientes ao ar livre.<\/li>\n<li>\ud83d\ude80 Ideal para uso residencial e comercial, preenchendo a lacuna entre o conforto pessoal e o conforto partilhado ao ar livre.<\/li>\n<\/ul>\n<p>Quando concebido cuidadosamente, o melhor guarda-sol pequeno para p\u00e1tio oferece uma versatilidade impressionante, transformando uma \u00e1rea limitada em agrad\u00e1veis recantos sombreados.<\/p>\n<p><img loading=\"lazy\" decoding=\"async\" class=\"aligncenter size-full wp-image-27588310\" src=\"https:\/\/patiofurnituresco.com\/wp-content\/uploads\/2025\/11\/grey-rectangular-half-umbrella-for-compact-deck-seating.webp\" alt=\"\" width=\"1344\" height=\"756\" srcset=\"https:\/\/patiofurnituresco.com\/wp-content\/uploads\/2025\/11\/grey-rectangular-half-umbrella-for-compact-deck-seating.webp 1344w, https:\/\/patiofurnituresco.com\/wp-content\/uploads\/2025\/11\/grey-rectangular-half-umbrella-for-compact-deck-seating-1280x720.webp 1280w, https:\/\/patiofurnituresco.com\/wp-content\/uploads\/2025\/11\/grey-rectangular-half-umbrella-for-compact-deck-seating-980x551.webp 980w, https:\/\/patiofurnituresco.com\/wp-content\/uploads\/2025\/11\/grey-rectangular-half-umbrella-for-compact-deck-seating-480x270.webp 480w\" sizes=\"(min-width: 0px) and (max-width: 480px) 480px, (min-width: 481px) and (max-width: 980px) 980px, (min-width: 981px) and (max-width: 1280px) 1280px, (min-width: 1281px) 1344px, 100vw\" \/><\/p>\n<h2>Por que os guarda-chuvas grandes n\u00e3o funcionam em espa\u00e7os pequenos<\/h2>\n<blockquote style=\"border-left: 4px solid #fa8500; padding: 12px 18px; margin: 20px 0; background-color: #f9f9f9;\"><p>Os guarda-chuvas de tamanho normal excedem os limites espaciais em \u00e1reas pequenas devido aos seus grandes di\u00e2metros abertos (<strong>36\u201348 polegadas<\/strong>), baixa manobrabilidade e exig\u00eancias de armazenamento. Os guarda-chuvas compactos s\u00e3o projetados para ambientes urbanos e residenciais apertados, com tamanhos menores e maior portabilidade.<\/p><\/blockquote>\n<p><a href=\"https:\/\/patiofurnituresco.com\/pt\/guia-de-compra-de-guarda-sois-grandes-para-patios-estabilidade-e-durabilidade\/\"  data-wpil-monitor-id=\"818\">Guarda-s\u00f3is grandes para p\u00e1tios<\/a> ficam impressionantes em jardins abertos, mas em pequenas varandas ou p\u00e1tios, a sua escala torna-se uma limita\u00e7\u00e3o s\u00e9ria. Na nossa experi\u00eancia, escolher o <strong>melhor guarda-sol pequeno para p\u00e1tio<\/strong> come\u00e7a com a compreens\u00e3o de como as dimens\u00f5es, a usabilidade e o armazenamento afetam o desempenho no mundo real.<\/p>\n<h3>Limita\u00e7\u00f5es de tamanho e espa\u00e7o<\/h3>\n<p>Os guarda-chuvas de tamanho normal t\u00eam normalmente um di\u00e2metro aberto entre <strong>36\u201348 polegadas<\/strong> e exigem pelo menos um <strong>1,20 m a 1,50 m<\/strong> raio de manobra para uma utiliza\u00e7\u00e3o confort\u00e1vel. Isto torna-as impratic\u00e1veis para varandas pequenas ou configura\u00e7\u00f5es exteriores compactas.<\/p>\n<table style=\"width: 100%; border-collapse: collapse; margin: 20px 0;\">\n<thead style=\"background: #9C1319; color: #ffffff;\">\n<tr>\n<td style=\"padding: 15px; border: 1px solid #ddd;\">\ud83d\udca1 Tipo<\/td>\n<td style=\"padding: 15px; border: 1px solid #ddd;\">\ud83d\udccf Di\u00e2metro aberto<\/td>\n<td style=\"padding: 15px; border: 1px solid #ddd;\">\ud83d\udcd0 Espa\u00e7o necess\u00e1rio<\/td>\n<td style=\"padding: 15px; border: 1px solid #ddd;\">\u2705 Mais adequado para<\/td>\n<\/tr>\n<\/thead>\n<tbody>\n<tr>\n<td style=\"padding: 15px; border: 1px solid #ddd;\">Guarda-chuva de tamanho normal<\/td>\n<td style=\"padding: 15px; border: 1px solid #ddd;\"><strong>36\u201348 polegadas<\/strong><\/td>\n<td style=\"padding: 15px; border: 1px solid #ddd;\"><strong>Raio de 1,2 a 1,5 m<\/strong><\/td>\n<td style=\"padding: 15px; border: 1px solid #ddd;\">Grandes p\u00e1tios, jardins<\/td>\n<\/tr>\n<tr>\n<td style=\"padding: 15px; border: 1px solid #ddd;\">Guarda-chuva compacto<\/td>\n<td style=\"padding: 15px; border: 1px solid #ddd;\"><strong>45 cent\u00edmetros<\/strong><\/td>\n<td style=\"padding: 15px; border: 1px solid #ddd;\"><strong>60\u201390 cm<\/strong> espa\u00e7os<\/td>\n<td style=\"padding: 15px; border: 1px solid #ddd;\">Pequenos p\u00e1tios, varandas<\/td>\n<\/tr>\n<\/tbody>\n<\/table>\n<p>Considerando que a maioria das varandas dos apartamentos variam entre <strong>1,8 a 2,4 metros de largura<\/strong> e <strong>4\u20136 p\u00e9s de profundidade<\/strong>, um guarda-chuva de tamanho normal ocupa quase todo o espa\u00e7o \u00fatil. As vers\u00f5es compactas, com suas extens\u00f5es moderadas, integram-se confortavelmente em layouts restritos.<\/p>\n<h3>Desafios de manobrabilidade e armazenamento<\/h3>\n<p>Em \u00e1reas urbanas apertadas, manusear um guarda-chuva de tamanho normal pode ser complicado. Passar por entradas estreitas, elevadores ou cal\u00e7adas lotadas muitas vezes causa inconvenientes ou at\u00e9 danos \u00e0 cobertura ou \u00e0 estrutura.<\/p>\n<ul>\n<li>\u274c Volumoso e dif\u00edcil de manobrar em locais pequenos ou lotados.<\/li>\n<li>\u26a0\ufe0f Requer um suporte ou canto de armazenamento dedicado, raramente dispon\u00edvel em apartamentos compactos.<\/li>\n<li>\u2705 Os modelos compactos dobram-se para <strong>15\u201320 cm<\/strong> e pesam cerca de <strong>113\u2013170 g<\/strong>, cabendo perfeitamente numa bolsa, gaveta ou secret\u00e1ria.<\/li>\n<\/ul>\n<p>Do ponto de vista pr\u00e1tico, os guarda-chuvas compactos reduzem o espa\u00e7o necess\u00e1rio para armazenamento, mantendo a prote\u00e7\u00e3o contra as intemp\u00e9ries. A sua portabilidade tamb\u00e9m garante que estejam prontos para uso fora do p\u00e1tio \u2014 ideais para quem se desloca diariamente para o trabalho ou para quem mora em espa\u00e7os pequenos.<\/p>\n<h3>Considera\u00e7\u00f5es pr\u00e1ticas e implica\u00e7\u00f5es de custo<\/h3>\n<p>Os guarda-s\u00f3is de tamanho normal s\u00e3o projetados para instala\u00e7\u00f5es maiores e fixas, como p\u00e1tios de hot\u00e9is ou restaurantes. Eles s\u00e3o menos compat\u00edveis com a vida urbana din\u00e2mica, onde espa\u00e7o, mobilidade e facilidade de montagem s\u00e3o prioridades.<\/p>\n<table style=\"width: 100%; border-collapse: collapse; margin: 20px 0;\">\n<thead style=\"background: #9C1319; color: #ffffff;\">\n<tr>\n<td style=\"padding: 15px; border: 1px solid #ddd;\">\ud83d\udca1 Recurso<\/td>\n<td style=\"padding: 15px; border: 1px solid #ddd;\">Guarda-chuva de tamanho normal<\/td>\n<td style=\"padding: 15px; border: 1px solid #ddd;\">Guarda-chuva compacto<\/td>\n<\/tr>\n<\/thead>\n<tbody>\n<tr>\n<td style=\"padding: 15px; border: 1px solid #ddd;\">Utiliza\u00e7\u00e3o principal<\/td>\n<td style=\"padding: 15px; border: 1px solid #ddd;\">Instala\u00e7\u00f5es fixas ao ar livre<\/td>\n<td style=\"padding: 15px; border: 1px solid #ddd;\">P\u00e1tios urbanos, varandas<\/td>\n<\/tr>\n<tr>\n<td style=\"padding: 15px; border: 1px solid #ddd;\">Intervalo de custo m\u00e9dio<\/td>\n<td style=\"padding: 15px; border: 1px solid #ddd;\"><strong>$25\u2013$60+<\/strong><\/td>\n<td style=\"padding: 15px; border: 1px solid #ddd;\"><strong>$8\u2013$25<\/strong><\/td>\n<\/tr>\n<tr>\n<td style=\"padding: 15px; border: 1px solid #ddd;\">Efici\u00eancia espacial<\/td>\n<td style=\"padding: 15px; border: 1px solid #ddd;\">\u274c Baixo<\/td>\n<td style=\"padding: 15px; border: 1px solid #ddd;\">\u2705 Elevado<\/td>\n<\/tr>\n<\/tbody>\n<\/table>\n<p>Muitos propriet\u00e1rios de espa\u00e7os pequenos consideram que investir num guarda-chuva de tamanho normal resulta em desperd\u00edcio de dinheiro e equipamento n\u00e3o utilizado. As op\u00e7\u00f5es compactas e econ\u00f3micas n\u00e3o s\u00f3 custam menos, como tamb\u00e9m t\u00eam um melhor desempenho em ambientes de dimens\u00f5es proporcionais.<\/p>\n<h2>Apresentamos o Half Umbrella: a melhor solu\u00e7\u00e3o para varandas estreitas<\/h2>\n<blockquote style=\"border-left: 4px solid #fa8500; padding: 12px 18px; margin: 20px 0; background-color: #f9f9f9;\"><p>Os guarda-chuvas semi-circulares s\u00e3o semi-circulares. <a href=\"https:\/\/patiofurnituresco.com\/pt\/dicas-para-a-instalacao-de-coberturas-de-protecao-para-guarda-sois-de-patio\/\"  data-wpil-monitor-id=\"824\">p\u00e1tio<\/a> guarda-s\u00f3is concebidos para varandas estreitas e espa\u00e7os reduzidos. S\u00e3o posicionados junto \u00e0s paredes ou grades para maximizar a sombra sem ocupar \u00e1rea \u00fatil, oferecendo uma alternativa aos guarda-s\u00f3is de tamanho normal, inadequados para ambientes urbanos compactos.<\/p><\/blockquote>\n<p>O guarda-chuva meio \u00e9 uma evolu\u00e7\u00e3o inteligente do tradicional <a href=\"https:\/\/patiofurnituresco.com\/pt\/velas-de-sombra-vs-guarda-sois-comparacao-entre-sombreamento-externo\/\"  data-wpil-monitor-id=\"825\">p\u00e1tio<\/a> guarda-sol, concebido para se adaptar aos limites espaciais \u00fanicos de varandas estreitas e pequenos terra\u00e7os. De acordo com a nossa experi\u00eancia, este design tem-se tornado cada vez mais popular entre os moradores de apartamentos urbanos que procuram solu\u00e7\u00f5es de sombra sem sacrificar o espa\u00e7o \u00fatil.<\/p>\n<h3>Defini\u00e7\u00e3o e caracter\u00edsticas do design<\/h3>\n<p>Os guarda-chuvas semi-circulares apresentam uma cobertura semi-circular, medindo normalmente entre <strong>7.5<\/strong> e <strong>2,7 metros<\/strong> Larga. A borda reta fica encostada na parede ou corrim\u00e3o, permitindo que funcionem em varandas com layout apertado, onde guarda-s\u00f3is padr\u00e3o n\u00e3o cabem.<\/p>\n<ul>\n<li>\u2705 Cobertura semicircular otimizada para \u00e1reas exteriores limitadas.<\/li>\n<li>\u2705 Montagem nivelada em um <strong>0\u00b0<\/strong> \u00e2ngulo para maximizar o espa\u00e7o \u00fatil.<\/li>\n<li>\u2705 Os modelos com fixa\u00e7\u00e3o por grampo ou montagem na parede permitem a instala\u00e7\u00e3o em menos de <strong>30 segundos<\/strong>.<\/li>\n<\/ul>\n<p>Esta combina\u00e7\u00e3o de forma e fun\u00e7\u00e3o torna <a href=\"https:\/\/patiofurnituresco.com\/pt\/meias-sombrinhas-que-economizam-espaco-para-pequenas-varandas\/\"  data-wpil-monitor-id=\"817\">meios guarda-chuvas um dos melhores pequenos p\u00e1tios<\/a> op\u00e7\u00f5es de guarda-chuvas para casas urbanas.<\/p>\n<p><img loading=\"lazy\" decoding=\"async\" class=\"aligncenter size-full wp-image-27588311\" src=\"https:\/\/patiofurnituresco.com\/wp-content\/uploads\/2025\/11\/white-half-patio-umbrella-against-wall-for-small-deck.webp\" alt=\"\" width=\"1344\" height=\"756\" srcset=\"https:\/\/patiofurnituresco.com\/wp-content\/uploads\/2025\/11\/white-half-patio-umbrella-against-wall-for-small-deck.webp 1344w, https:\/\/patiofurnituresco.com\/wp-content\/uploads\/2025\/11\/white-half-patio-umbrella-against-wall-for-small-deck-1280x720.webp 1280w, https:\/\/patiofurnituresco.com\/wp-content\/uploads\/2025\/11\/white-half-patio-umbrella-against-wall-for-small-deck-980x551.webp 980w, https:\/\/patiofurnituresco.com\/wp-content\/uploads\/2025\/11\/white-half-patio-umbrella-against-wall-for-small-deck-480x270.webp 480w\" sizes=\"(min-width: 0px) and (max-width: 480px) 480px, (min-width: 481px) and (max-width: 980px) 980px, (min-width: 981px) and (max-width: 1280px) 1280px, (min-width: 1281px) 1344px, 100vw\" \/><\/p>\n<h3>Dados e especifica\u00e7\u00f5es importantes<\/h3>\n<table style=\"width: 100%; border-collapse: collapse; margin: 20px 0;\">\n<thead style=\"background: #9C1319; color: #ffffff;\">\n<tr>\n<td style=\"padding: 15px; border: 1px solid #ddd;\">Especifica\u00e7\u00e3o<\/td>\n<td style=\"padding: 15px; border: 1px solid #ddd;\">Detalhes<\/td>\n<td style=\"padding: 15px; border: 1px solid #ddd;\">\u00cdcone<\/td>\n<\/tr>\n<\/thead>\n<tbody>\n<tr>\n<td style=\"padding: 15px; border: 1px solid #ddd;\">Utiliza\u00e7\u00e3o ideal<\/td>\n<td style=\"padding: 15px; border: 1px solid #ddd;\">Varandas estreitas, pequenos p\u00e1tios, terra\u00e7os, espa\u00e7os urbanos apertados<\/td>\n<td style=\"padding: 15px; border: 1px solid #ddd;\">\u2705<\/td>\n<\/tr>\n<tr>\n<td style=\"padding: 15px; border: 1px solid #ddd;\">Peso base recomendado (vento fraco)<\/td>\n<td style=\"padding: 15px; border: 1px solid #ddd;\"><strong>25\u201330 kg<\/strong><\/td>\n<td style=\"padding: 15px; border: 1px solid #ddd;\">\ud83d\udca1<\/td>\n<\/tr>\n<tr>\n<td style=\"padding: 15px; border: 1px solid #ddd;\">Peso base recomendado (vento forte)<\/td>\n<td style=\"padding: 15px; border: 1px solid #ddd;\"><strong>50 kg<\/strong><\/td>\n<td style=\"padding: 15px; border: 1px solid #ddd;\">\u26a0\ufe0f<\/td>\n<\/tr>\n<tr>\n<td style=\"padding: 15px; border: 1px solid #ddd;\">Cobertura de sombra<\/td>\n<td style=\"padding: 15px; border: 1px solid #ddd;\">Cobre totalmente uma pessoa ou parcialmente duas<\/td>\n<td style=\"padding: 15px; border: 1px solid #ddd;\">\u2602\ufe0f<\/td>\n<\/tr>\n<tr>\n<td style=\"padding: 15px; border: 1px solid #ddd;\">Tamanhos comuns<\/td>\n<td style=\"padding: 15px; border: 1px solid #ddd;\">Retangular: <strong>2,13 m \u00d7 1,22 m<\/strong> | Rodada: <strong>6,5\u20139 p\u00e9s<\/strong><\/td>\n<td style=\"padding: 15px; border: 1px solid #ddd;\">\ud83d\udccf<\/td>\n<\/tr>\n<\/tbody>\n<\/table>\n<h3>Benef\u00edcios dos guarda-chuvas de meia aba para a vida urbana<\/h3>\n<p>Mesmo as varandas compactas podem parecer amplas e confort\u00e1veis quando o padr\u00e3o de sombra \u00e9 cuidadosamente planeado. \u00c9 por isso que os guarda-s\u00f3is semicirculares s\u00e3o uma escolha pr\u00e1tica para apartamentos urbanos, onde cada cent\u00edmetro conta.<\/p>\n<ul>\n<li>\u2705 Maximiza a \u00e1rea \u00fatil ao ser montado contra paredes ou corrim\u00e3os.<\/li>\n<li>\ud83d\udca1 O ajuste de inclina\u00e7\u00e3o e altura proporciona ciclos de prote\u00e7\u00e3o solar personalizados.<\/li>\n<li>\u2705 Base mais leve devido ao perfil menor da cobertura.<\/li>\n<li>\ud83d\ude80 Os designs port\u00e1teis das bra\u00e7adeiras tornam-nas ideais para locat\u00e1rios que evitam instala\u00e7\u00f5es permanentes.<\/li>\n<\/ul>\n<p>Ao combinar mobilidade e estabilidade, estes guarda-chuvas adaptam-se ao estilo de vida urbano moderno, focado na versatilidade e na economia de espa\u00e7o.<\/p>\n<h3>Considera\u00e7\u00f5es cr\u00edticas para compradores<\/h3>\n<p>Embora os guarda-s\u00f3is de meia haste resolvam muitos dos desafios de sombreamento de varandas, os compradores devem observar alguns pontos t\u00e9cnicos antes de escolher um modelo.<\/p>\n<ul>\n<li>\u26a0\ufe0f \u00c9 essencial utilizar um peso de base adequado, especialmente em telhados ou andares superiores expostos a ventos fortes.<\/li>\n<li>\u274c N\u00e3o foi concebido para p\u00e1tios grandes ou reuni\u00f5es com mais de duas pessoas.<\/li>\n<li>\u26a0\ufe0f Os tecidos econ\u00f3micos podem desbotar rapidamente, apesar das alega\u00e7\u00f5es de resist\u00eancia aos raios UV.<\/li>\n<li>\ud83d\udca1 As configura\u00e7\u00f5es com grampos requerem corrim\u00e3os ou postes de tamanho compat\u00edvel para uma montagem segura.<\/li>\n<\/ul>\n<p>Compreender estes aspetos garante uma instala\u00e7\u00e3o mais segura e duradoura, adequada \u00e0s condi\u00e7\u00f5es da sua varanda.<\/p>\n<h3>Melhores casos de uso para guarda-chuvas de meia haste<\/h3>\n<p>Os guarda-s\u00f3is semiabertos proporcionam conforto e flexibilidade a \u00e1reas que antes eram demasiado pequenas para estruturas de sombra tradicionais. Aqui est\u00e3o os melhores cen\u00e1rios de utiliza\u00e7\u00e3o, baseados na experi\u00eancia nos setores hoteleiro e residencial.<\/p>\n<ul>\n<li>\u2705 Varandas de apartamentos e condom\u00ednios onde o espa\u00e7o \u00e9 limitado.<\/li>\n<li>\ud83d\udca1 Trabalhadores remotos que procuram esta\u00e7\u00f5es de trabalho ao ar livre sem reflexos pela manh\u00e3 ou \u00e0 noite.<\/li>\n<li>\u2600\ufe0f Prote\u00e7\u00e3o solar ao meio-dia quando alinhado com paredes expostas \u00e0 luz solar intensa.<\/li>\n<li>\ud83d\ude80 Perfeito para unidades de aluguer gra\u00e7as \u00e0s op\u00e7\u00f5es de instala\u00e7\u00e3o port\u00e1teis e n\u00e3o permanentes.<\/li>\n<\/ul>\n<p>Essas aplica\u00e7\u00f5es pr\u00e1ticas tornam a metade <a href=\"https:\/\/patiofurnituresco.com\/pt\/guia-de-abastecimento-na-china\/\"  data-wpil-monitor-id=\"826\">guarda-chuva um dos melhores para pequenos p\u00e1tios<\/a> op\u00e7\u00f5es de guarda-chuvas para espa\u00e7os urbanos modernos.<\/p>\n<div style=\"background: #fa8500; border-radius: 8px; padding: 35px; margin: 40px 0; display: flex; flex-wrap: wrap; align-items: center; justify-content: space-between; gap: 30px; box-shadow: 0 4px 15px rgba(156, 19, 25, 0.15);\">\n<div style=\"flex: 1 1 350px; min-width: 300px;\">\n<h2 style=\"margin-top: 0; color: #ffffff; font-size: 26px; font-weight: bold; line-height: 1.3;\">Eleve os seus espa\u00e7os exteriores com guarda-s\u00f3is personalizados de qualidade comercial<\/h2>\n<p style=\"font-size: 16px; color: #f0f0f0; line-height: 1.6; margin: 15px 0 25px 0; opacity: 0.95;\">Seja parceiro direto da Patiofurnituresco para obter solu\u00e7\u00f5es de sombreamento dur\u00e1veis e inovadoras, adaptadas \u00e0s necessidades da sua marca e do seu mercado. Desfrute de um MOQ baixo, personaliza\u00e7\u00e3o avan\u00e7ada e qualidade global comprovada \u2014 tudo isso respaldado por 16 anos de experi\u00eancia confi\u00e1vel em fabrica\u00e7\u00e3o.<\/p>\n<p><a style=\"display: inline-block; background: #FFFFFF; color: #fa8500; padding: 12px 24px; font-family: 'Rubik', sans-serif; font-weight: bold; font-size: 16px; border-radius: 4px; text-decoration: none; transition: all 0.3s ease; box-shadow: 0 2px 5px rgba(0,0,0,0.1);\" href=\"https:\/\/patiofurnituresco.com\/pt\/fabricante-de-guarda-sois-para-patios\/\" target=\"_blank\" rel=\"noopener\"> Inicie o seu projeto personalizado \u2192 <\/a><\/p>\n<\/div>\n<div style=\"flex: 0 1 300px; min-width: 250px; text-align: center;\"><img decoding=\"async\" style=\"width: 100%; max-width: 300px; height: auto; border-radius: 6px; box-shadow: 0 4px 10px rgba(0,0,0,0.2); object-fit: cover;\" src=\"https:\/\/patiofurnituresco.com\/wp-content\/uploads\/2025\/09\/solar-lighted-umbrella4-1.webp\" alt=\"Guarda-sol comercial iluminado por energia solar que destaca durabilidade e design\" \/><\/div>\n<\/div>\n<h2>Compara\u00e7\u00e3o entre os melhores guarda-s\u00f3is pequenos para p\u00e1tios e guarda-s\u00f3is de meia aba<\/h2>\n<p>Esta sele\u00e7\u00e3o destaca as principais op\u00e7\u00f5es de pequenos p\u00e1tios e meias sombrinhas dispon\u00edveis em <strong>2026<\/strong>, com foco na durabilidade, caracter\u00edsticas e adequa\u00e7\u00e3o para espa\u00e7os exteriores compactos. A lista come\u00e7a com as ofertas de qualidade profissional da Patiofurnituresco, seguidas pelos principais concorrentes do mercado.<\/p>\n<h3>1. M\u00f3veis de jardim<\/h3>\n<p>Com sede em Taizhou, China, a Patiofurnituresco \u00e9 um fabricante direto com <strong>16 anos<\/strong> de experi\u00eancia no fornecimento de mobili\u00e1rio de exterior de alta qualidade para contratos. Na nossa experi\u00eancia, a empresa <a href=\"https:\/\/patiofurnituresco.com\/pt\/guarda-chuvas-comerciais-para-trabalhos-pesados-solucoes-de-sombra-duradouras\/\"  data-wpil-monitor-id=\"829\">os guarda-chuvas t\u00eam um desempenho excepcionalmente bom no setor comercial<\/a> ambientes como resorts, caf\u00e9s e espa\u00e7os para eventos.<\/p>\n<p>A empresa oferece personaliza\u00e7\u00e3o B2B com MOQs baixos e <a href=\"https:\/\/patiofurnituresco.com\/pt\/cronograma-de-encerramento-da-fabrica-durante-o-ano-novo-chines\/\"  data-wpil-monitor-id=\"821\">prazos de entrega<\/a> entre <strong>30 a 50 dias<\/strong>. Todos os guarda-chuvas s\u00e3o certificados de acordo com normas globais, tais como <strong>UL4041<\/strong> e <strong>EN581<\/strong>, garantindo um desempenho duradouro em \u00e1reas de tr\u00e1fego intenso.<\/p>\n<table style=\"width: 100%; border-collapse: collapse; margin: 20px 0;\">\n<thead style=\"background: #9C1319; color: #ffffff;\">\n<tr>\n<th style=\"padding: 15px; border: 1px solid #ddd;\">\ud83d\udca1 O que adoramos<\/th>\n<th style=\"padding: 15px; border: 1px solid #ddd;\">\u26a0\ufe0f Aspectos a considerar<\/th>\n<\/tr>\n<\/thead>\n<tbody>\n<tr>\n<td style=\"padding: 15px; border: 1px solid #ddd;\">\u2705 Quantidades m\u00ednimas de encomenda reduzidas para <a href=\"https:\/\/patiofurnituresco.com\/pt\/especificacoes-comerciais-do-guarda-chuva\/\"  data-wpil-monitor-id=\"815\">apoiar projetos-piloto e pequenos projetos<\/a><\/td>\n<td style=\"padding: 15px; border: 1px solid #ddd;\">\u274c Concentre-se principalmente em clientes B2B, em vez de consumidores de retalho.<\/td>\n<\/tr>\n<tr>\n<td style=\"padding: 15px; border: 1px solid #ddd;\">\ud83d\ude80 Amostragem r\u00e1pida e prazo de produ\u00e7\u00e3o curto (<strong>30 a 50 dias<\/strong>)<\/td>\n<td style=\"padding: 15px; border: 1px solid #ddd;\"><\/td>\n<\/tr>\n<tr>\n<td style=\"padding: 15px; border: 1px solid #ddd;\">\u2705 Materiais dur\u00e1veis certificados adequados para uso comercial<\/td>\n<td style=\"padding: 15px; border: 1px solid #ddd;\"><\/td>\n<\/tr>\n<\/tbody>\n<\/table>\n<h3>2. Guarda-sol Sunnyglade de 2,3 metros<\/h3>\n<p>A Sunnyglade oferece guarda-s\u00f3is econ\u00f3micos, ideais para pequenos p\u00e1tios e varandas. O <strong>2,3 metros<\/strong> O modelo possui uma cobertura imperme\u00e1vel em poli\u00e9ster e um mastro em alum\u00ednio com revestimento em p\u00f3 para maior estabilidade em condi\u00e7\u00f5es de mar calmo.<\/p>\n<p>Embora seja econ\u00f3mico, o modelo n\u00e3o \u00e9 resistente \u00e0 ferrugem e exige que os clientes comprem uma base separadamente.<\/p>\n<table style=\"width: 100%; border-collapse: collapse; margin: 20px 0;\">\n<thead style=\"background: #9C1319; color: #ffffff;\">\n<tr>\n<th style=\"padding: 15px; border: 1px solid #ddd;\">\ud83d\udca1 O que adoramos<\/th>\n<th style=\"padding: 15px; border: 1px solid #ddd;\">\u26a0\ufe0f Aspectos a considerar<\/th>\n<\/tr>\n<\/thead>\n<tbody>\n<tr>\n<td style=\"padding: 15px; border: 1px solid #ddd;\">\u2705 Gama de pre\u00e7os acess\u00edveis<\/td>\n<td style=\"padding: 15px; border: 1px solid #ddd;\">\u274c N\u00e3o inclui base, o que aumenta o custo<\/td>\n<\/tr>\n<tr>\n<td style=\"padding: 15px; border: 1px solid #ddd;\">\u2705 Tecido de poli\u00e9ster imperme\u00e1vel e f\u00e1cil de limpar<\/td>\n<td style=\"padding: 15px; border: 1px solid #ddd;\">\u26a0\ufe0f Resist\u00eancia limitada \u00e0 ferrugem em condi\u00e7\u00f5es h\u00famidas<\/td>\n<\/tr>\n<tr>\n<td style=\"padding: 15px; border: 1px solid #ddd;\">\u2705 Design est\u00e1vel com abertura para ventila\u00e7\u00e3o e nervuras resistentes<\/td>\n<td style=\"padding: 15px; border: 1px solid #ddd;\"><\/td>\n<\/tr>\n<\/tbody>\n<\/table>\n<h3>3. Guarda-sol Blissun de 2,7 metros para p\u00e1tio<\/h3>\n<p>Blissun's <strong>2,7 metros<\/strong> O guarda-chuva foi concebido para uso residencial moderado. Inclui um mecanismo de inclina\u00e7\u00e3o que permite sombreamento direcional, oferecendo um bom equil\u00edbrio entre funcionalidade e custo.<\/p>\n<p>Embora seja acess\u00edvel e f\u00e1cil de montar, \u00e9 mais adequado para condi\u00e7\u00f5es clim\u00e1ticas amenas e n\u00e3o para exposi\u00e7\u00e3o cont\u00ednua ao vento ou \u00e0 chuva.<\/p>\n<table style=\"width: 100%; border-collapse: collapse; margin: 20px 0;\">\n<thead style=\"background: #9C1319; color: #ffffff;\">\n<tr>\n<th style=\"padding: 15px; border: 1px solid #ddd;\">\ud83d\udca1 O que adoramos<\/th>\n<th style=\"padding: 15px; border: 1px solid #ddd;\">\u26a0\ufe0f Aspectos a considerar<\/th>\n<\/tr>\n<\/thead>\n<tbody>\n<tr>\n<td style=\"padding: 15px; border: 1px solid #ddd;\">\u2705 Pre\u00e7os altamente acess\u00edveis<\/td>\n<td style=\"padding: 15px; border: 1px solid #ddd;\">\u274c Concebido principalmente para utiliza\u00e7\u00e3o leve em condi\u00e7\u00f5es moderadas<\/td>\n<\/tr>\n<tr>\n<td style=\"padding: 15px; border: 1px solid #ddd;\">\u2705 Ajuste de inclina\u00e7\u00e3o para sombra direcional<\/td>\n<td style=\"padding: 15px; border: 1px solid #ddd;\">\u26a0\ufe0f Durabilidade limitada em condi\u00e7\u00f5es meteorol\u00f3gicas adversas ou com vento forte<\/td>\n<\/tr>\n<tr>\n<td style=\"padding: 15px; border: 1px solid #ddd;\">\u2705 Boa op\u00e7\u00e3o para p\u00e1tios m\u00e9dios com cobertura moderada<\/td>\n<td style=\"padding: 15px; border: 1px solid #ddd;\"><\/td>\n<\/tr>\n<\/tbody>\n<\/table>\n<h3>4. Guarda-sol para p\u00e1tio ao ar livre da Best Choice Products<\/h3>\n<p>O modelo Best Choice Products, reconhecido pela Popular Mechanics como \u201cMelhor em Geral\u201d em <strong>2026<\/strong>, combina durabilidade e apelo visual. O <strong>2,3 metros<\/strong> O design apresenta tecido de poli\u00e9ster espesso e costura resistente.<\/p>\n<p>Com um pre\u00e7o m\u00e9dio, \u00e9 fi\u00e1vel para uso dom\u00e9stico di\u00e1rio, embora n\u00e3o tenha base e utilize uma manivela menos sofisticada.<\/p>\n<table style=\"width: 100%; border-collapse: collapse; margin: 20px 0;\">\n<thead style=\"background: #9C1319; color: #ffffff;\">\n<tr>\n<th style=\"padding: 15px; border: 1px solid #ddd;\">\ud83d\udca1 O que adoramos<\/th>\n<th style=\"padding: 15px; border: 1px solid #ddd;\">\u26a0\ufe0f Aspectos a considerar<\/th>\n<\/tr>\n<\/thead>\n<tbody>\n<tr>\n<td style=\"padding: 15px; border: 1px solid #ddd;\">\u2705 Tecido de poli\u00e9ster mais espesso para a cobertura e costura resistente<\/td>\n<td style=\"padding: 15px; border: 1px solid #ddd;\">\u274c Base n\u00e3o inclu\u00edda<\/td>\n<\/tr>\n<tr>\n<td style=\"padding: 15px; border: 1px solid #ddd;\">\u2705 Boa constru\u00e7\u00e3o da estrutura<\/td>\n<td style=\"padding: 15px; border: 1px solid #ddd;\">\u26a0\ufe0f O mecanismo de manivela manual pode parecer menos sofisticado<\/td>\n<\/tr>\n<tr>\n<td style=\"padding: 15px; border: 1px solid #ddd;\">\u2705 V\u00e1rias op\u00e7\u00f5es de cores<\/td>\n<td style=\"padding: 15px; border: 1px solid #ddd;\"><\/td>\n<\/tr>\n<\/tbody>\n<\/table>\n<h3>5. Guarda-chuva ajust\u00e1vel Sport-Brella SPF 50+<\/h3>\n<p>O Sport-Brella foi concebido para oferecer a m\u00e1xima flexibilidade, em vez de uma instala\u00e7\u00e3o permanente. Inclui um design compacto com <strong>FPS 50+<\/strong> prote\u00e7\u00e3o e um suporte com bra\u00e7adeira ajust\u00e1vel em 360\u00b0 que pode ser fixado em carrinhos de beb\u00e9, carrinhos de golfe ou cadeiras.<\/p>\n<p>Embora seja altamente port\u00e1til, este guarda-chuva oferece cobertura de sombra limitada e deve ser preso quando o vento aumentar ao ar livre.<\/p>\n<table style=\"width: 100%; border-collapse: collapse; margin: 20px 0;\">\n<thead style=\"background: #9C1319; color: #ffffff;\">\n<tr>\n<th style=\"padding: 15px; border: 1px solid #ddd;\">\ud83d\udca1 O que adoramos<\/th>\n<th style=\"padding: 15px; border: 1px solid #ddd;\">\u26a0\ufe0f Aspectos a considerar<\/th>\n<\/tr>\n<\/thead>\n<tbody>\n<tr>\n<td style=\"padding: 15px; border: 1px solid #ddd;\">\u2705 Ajuste de \u00e2ngulo de 360\u00b0 com rota\u00e7\u00e3o em 4 dire\u00e7\u00f5es<\/td>\n<td style=\"padding: 15px; border: 1px solid #ddd;\">\u274c Menor \u00e1rea de sombra<\/td>\n<\/tr>\n<tr>\n<td style=\"padding: 15px; border: 1px solid #ddd;\">\u2705 A bra\u00e7adeira resistente adapta-se a v\u00e1rias superf\u00edcies<\/td>\n<td style=\"padding: 15px; border: 1px solid #ddd;\">\u26a0\ufe0f Requer fixa\u00e7\u00e3o em condi\u00e7\u00f5es de vento<\/td>\n<\/tr>\n<tr>\n<td style=\"padding: 15px; border: 1px solid #ddd;\">\u2705 Altamente port\u00e1til e vers\u00e1til<\/td>\n<td style=\"padding: 15px; border: 1px solid #ddd;\"><\/td>\n<\/tr>\n<\/tbody>\n<\/table>\n<h3>6. Guarda-sol YODOLLA de 4,5 metros com luzes solares<\/h3>\n<p>A YODOLLA combina tamanho e valor tecnol\u00f3gico com o seu <strong>4,5 metros<\/strong> guarda-chuva dupla face, oferecendo <strong>12,3 m\u00b2.<\/strong> de cobertura e ilumina\u00e7\u00e3o LED solar integrada para ambiente noturno. Pre\u00e7o aproximado <strong>$139.99<\/strong>, combina estilo e funcionalidade.<\/p>\n<p>A sua grande superf\u00edcie proporciona um excelente abrigo durante o dia, embora os utilizadores devam considerar estabilizadores de base adicionais em condi\u00e7\u00f5es de vento e manuten\u00e7\u00e3o de rotina da bateria solar.<\/p>\n<table style=\"width: 100%; border-collapse: collapse; margin: 20px 0;\">\n<thead style=\"background: #9C1319; color: #ffffff;\">\n<tr>\n<th style=\"padding: 15px; border: 1px solid #ddd;\">\ud83d\udca1 O que adoramos<\/th>\n<th style=\"padding: 15px; border: 1px solid #ddd;\">\u26a0\ufe0f Aspectos a considerar<\/th>\n<\/tr>\n<\/thead>\n<tbody>\n<tr>\n<td style=\"padding: 15px; border: 1px solid #ddd;\">\u2705 Cobertura espa\u00e7osa em uma cobertura dupla face<\/td>\n<td style=\"padding: 15px; border: 1px solid #ddd;\">\u274c Menos est\u00e1vel em ventos fortes<\/td>\n<\/tr>\n<tr>\n<td style=\"padding: 15px; border: 1px solid #ddd;\">\u2705 Ilumina\u00e7\u00e3o solar integrada para uso noturno<\/td>\n<td style=\"padding: 15px; border: 1px solid #ddd;\">\u26a0\ufe0f Requer mais manuten\u00e7\u00e3o para os componentes solares<\/td>\n<\/tr>\n<tr>\n<td style=\"padding: 15px; border: 1px solid #ddd;\">\u2705 Pre\u00e7os competitivos para funcionalidades premium<\/td>\n<td style=\"padding: 15px; border: 1px solid #ddd;\"><\/td>\n<\/tr>\n<\/tbody>\n<\/table>\n<p>Cada modelo atende a diferentes necessidades \u2014 desde a durabilidade de n\u00edvel profissional da Patiofurnituresco at\u00e9 op\u00e7\u00f5es port\u00e1teis, assistidas por energia solar ou econ\u00f4micas. Para compradores B2B ou fornecimento baseado em projetos, a Patiofurnituresco continua sendo a solu\u00e7\u00e3o mais escal\u00e1vel e personaliz\u00e1vel para pequenas <a href=\"https:\/\/patiofurnituresco.com\/pt\/guarda-sois-quadrados-vs-redondos-para-patios-estilo-de-sombra\/\"  data-wpil-monitor-id=\"823\">p\u00e1tio e meia cobertura necess\u00e1ria<\/a> em todo o mundo.<\/p>\n<p><img loading=\"lazy\" decoding=\"async\" class=\"aligncenter size-full wp-image-27588312\" src=\"https:\/\/patiofurnituresco.com\/wp-content\/uploads\/2025\/11\/patterned-half-wall-umbrella-shading-small-bistro-balcony.webp\" alt=\"\" width=\"1344\" height=\"756\" srcset=\"https:\/\/patiofurnituresco.com\/wp-content\/uploads\/2025\/11\/patterned-half-wall-umbrella-shading-small-bistro-balcony.webp 1344w, https:\/\/patiofurnituresco.com\/wp-content\/uploads\/2025\/11\/patterned-half-wall-umbrella-shading-small-bistro-balcony-1280x720.webp 1280w, https:\/\/patiofurnituresco.com\/wp-content\/uploads\/2025\/11\/patterned-half-wall-umbrella-shading-small-bistro-balcony-980x551.webp 980w, https:\/\/patiofurnituresco.com\/wp-content\/uploads\/2025\/11\/patterned-half-wall-umbrella-shading-small-bistro-balcony-480x270.webp 480w\" sizes=\"(min-width: 0px) and (max-width: 480px) 480px, (min-width: 481px) and (max-width: 980px) 980px, (min-width: 981px) and (max-width: 1280px) 1280px, (min-width: 1281px) 1344px, 100vw\" \/><\/p>\n<h2>Como escolher o tamanho e o estilo certos para a sua varanda<\/h2>\n<blockquote style=\"border-left: 4px solid #fa8500; padding: 12px 18px; margin: 20px 0; background-color: #f9f9f9;\"><p>O tamanho dos m\u00f3veis da varanda requer uma altura de mesa adequada (<strong>37\u201339 polegadas<\/strong>) com a altura correspondente da cadeira (<strong>25\u201327 polegadas<\/strong>), garantindo espa\u00e7o livre adequado em torno das pe\u00e7as. A sele\u00e7\u00e3o do estilo deve priorizar dimens\u00f5es compactas e materiais resistentes \u00e0s intemp\u00e9ries, adequados para espa\u00e7os exteriores menores, com um m\u00ednimo de <strong>36 polegadas<\/strong> de espa\u00e7o livre em torno dos m\u00f3veis para permitir movimentos confort\u00e1veis.<\/p><\/blockquote>\n<p>Criar uma varanda confort\u00e1vel e elegante come\u00e7a com a escolha de m\u00f3veis que se adaptem tanto ao espa\u00e7o f\u00edsico quanto ao clima local. Em nossa experi\u00eancia trabalhando com incorporadoras residenciais e marcas de varejo, o equil\u00edbrio certo de tamanho e materiais bem escolhidos fazem com que mesmo varandas compactas pare\u00e7am acolhedoras e pr\u00e1ticas.<\/p>\n<h3>Dimens\u00f5es principais e espa\u00e7o livre para m\u00f3veis de varanda<\/h3>\n<p>Um layout bem planeado garante que os m\u00f3veis pare\u00e7am equilibrados, em vez de apertados. As propor\u00e7\u00f5es certas aumentam o conforto e a fluidez, mesmo em p\u00e1tios estreitos ou varandas de apartamentos.<\/p>\n<ul>\n<li>\ud83d\udccf Altura da mesa da varanda: <strong>37\u201339 polegadas<\/strong> \u2014 ligeiramente mais altas do que as mesas de jantar padr\u00e3o, mas mais baixas do que as mesas de bar.<\/li>\n<li>\ud83e\ude91 Altura da cadeira de varanda: <strong>25\u201327 polegadas<\/strong>, mantendo um confort\u00e1vel <strong>10\u201314 polegadas<\/strong> espa\u00e7o entre o assento e a superf\u00edcie da mesa.<\/li>\n<li>\ud83d\udeb6\u200d\u2640\ufe0f Permita pelo menos <strong>36 polegadas<\/strong> de espa\u00e7o livre \u00e0 volta da mesa e das cadeiras para facilitar a movimenta\u00e7\u00e3o.<\/li>\n<li>\ud83d\udca1 F\u00f3rmula de planeamento do espa\u00e7o: a <strong>48 polegadas<\/strong> A mesa redonda precisa de cerca de <strong>3 metros<\/strong> largura total, incluindo espa\u00e7o para caminhar.<\/li>\n<\/ul>\n<p>Antes de comprar, me\u00e7a cuidadosamente a sua varanda e anote quaisquer grades ou obstru\u00e7\u00f5es. Isso ajuda a evitar layouts superlotados e contribui para o uso seguro de m\u00f3veis e acess\u00f3rios de varanda, como o <strong>melhor guarda-sol pequeno para p\u00e1tio<\/strong>.<\/p>\n<h3>Escolher materiais e estilos adequados \u00e0s condi\u00e7\u00f5es da varanda<\/h3>\n<p>A escolha do material afeta diretamente a durabilidade dos seus m\u00f3veis ao ar livre. As varandas costumam ficar mais expostas ao vento e \u00e0 luz solar, por isso, acabamentos dur\u00e1veis s\u00e3o importantes.<\/p>\n<ul>\n<li>\u2705 Materiais recomendados: estruturas leves de alum\u00ednio, vime HDPE ou rattan sint\u00e9tico e madeira de teca ou eucalipto tratada.<\/li>\n<li>\u26a0\ufe0f Evite tampos pesados de madeira maci\u00e7a ou pedra \u2014 as varandas t\u00eam limites de peso que restringem m\u00f3veis excessivamente densos.<\/li>\n<li>\ud83e\udde9 Os estilos compactos aproveitam ao m\u00e1ximo a \u00e1rea \u00fatil limitada, mantendo o conforto e o equil\u00edbrio.<\/li>\n<li>\u2600\ufe0f Os m\u00f3veis devem resistir ao vento, aos raios UV e \u00e0 humidade t\u00edpicos das varandas ao ar livre.<\/li>\n<\/ul>\n<p>Se vive numa regi\u00e3o ventosa ou num ambiente com pr\u00e9dios altos, fixe as pe\u00e7as com bases est\u00e1veis ou colocando-as nos cantos. Combinar materiais de forma inteligente garante que a sua varanda permane\u00e7a elegante durante todo o ano, sem substitui\u00e7\u00f5es frequentes.<\/p>\n<h3>Equ\u00edvocos comuns e dicas pr\u00e1ticas<\/h3>\n<p>Muitas pessoas assumem que os m\u00f3veis de varanda s\u00e3o simplesmente menores ou destinados a crian\u00e7as, o que \u00e9 incorreto. Esses produtos s\u00e3o dimensionados para adultos, mas adaptados a espa\u00e7os compactos.<\/p>\n<ul>\n<li>\u274c Conjuntos de varanda mais pequenos n\u00e3o s\u00e3o m\u00f3veis para crian\u00e7as; eles s\u00e3o feitos para o conforto e a utilidade dos adultos.<\/li>\n<li>\u26a0\ufe0f A <strong>6 pessoas<\/strong> A mesa de jantar muitas vezes excede um <strong>3 metros<\/strong> largura da varanda, tornando alternativas compactas de 2 a 4 lugares mais pr\u00e1ticas.<\/li>\n<li>\u2705 As espregui\u00e7adeiras tendem a ocupar muito espa\u00e7o \u2014 opte por conjuntos dobr\u00e1veis ou estilo bistr\u00f4, que deixam espa\u00e7o para respirar.<\/li>\n<li>\ud83d\udca1 Use fita adesiva para marcar onde cada pe\u00e7a ser\u00e1 colocada antes da compra, para visualizar o espa\u00e7amento e o fluxo.<\/li>\n<\/ul>\n<p>Essas pequenas verifica\u00e7\u00f5es ajudam a garantir que cada cent\u00edmetro da sua varanda seja prop\u00edcio ao relaxamento e ao movimento. Um planeamento cuidadoso, combinado com materiais leves e dur\u00e1veis, cria uma configura\u00e7\u00e3o de baixa manuten\u00e7\u00e3o, ideal tanto para uso privado quanto para pequenos projetos de hospitalidade.<\/p>\n<h2>Dicas de instala\u00e7\u00e3o para guarda-chuvas pequenos e m\u00e9dios<\/h2>\n<blockquote style=\"border-left: 4px solid #fa8500; padding: 12px 18px; margin: 20px 0; background-color: #f9f9f9;\"><p>Os guarda-chuvas pequenos e m\u00e9dios requerem fixa\u00e7\u00e3o \u00e0 parede ou suporte estrutural e distribui\u00e7\u00e3o adequada do peso atrav\u00e9s de bases ench\u00edveis para garantir a estabilidade. A instala\u00e7\u00e3o inclui a fixa\u00e7\u00e3o do mastro com porcas de aperto, enchimento da base at\u00e9 \u00e0 sua capacidade m\u00e1xima (at\u00e9 <strong>23 kg<\/strong> areia e \u00e1gua combinadas) e posicionando-o contra um suporte resistente para evitar que tombe em condi\u00e7\u00f5es de vento.<\/p><\/blockquote>\n<p>Instalando o <strong>melhor guarda-sol pequeno para p\u00e1tio<\/strong> para uma varanda ou p\u00e1tio estreito envolve garantir a estabilidade estrutural e uma cobertura eficaz da sombra. Guarda-s\u00f3is pequenos ou m\u00e9dios encaixam-se perfeitamente em espa\u00e7os limitados, mas requerem uma instala\u00e7\u00e3o adequada para uma utiliza\u00e7\u00e3o prolongada e segura.<\/p>\n<h3>Prepara\u00e7\u00e3o pr\u00e9-instala\u00e7\u00e3o<\/h3>\n<p>Before starting, it&#8217;s essential to check compatibility and prepare materials to ensure smooth installation. In our experience, these pre-checks save time and prevent alignment issues later.<\/p>\n<ul>\n<li>\ud83d\udca1 Verifique se o di\u00e2metro do mastro do guarda-chuva corresponde ao acoplador \u2014 as op\u00e7\u00f5es incluem <strong>1.25&#8243;<\/strong>, <strong>1.5&#8243;<\/strong>, ou <strong>2&#8243;<\/strong>.<\/li>\n<li>\ud83d\udca1 Escolha uma parede ou cerca est\u00e1vel para colocar o meio guarda-chuva.<\/li>\n<li>\ud83d\udca1 Re\u00fana materiais de enchimento, como \u00e1gua, areia ou uma combina\u00e7\u00e3o dos dois, para obter um equil\u00edbrio extra.<\/li>\n<\/ul>\n<p>Reunir todas as ferramentas necess\u00e1rias com anteced\u00eancia tamb\u00e9m ajuda a garantir o encaixe adequado e o suporte ideal do peso ap\u00f3s a montagem.<\/p>\n<h3>Montagem e fixa\u00e7\u00e3o do mastro do guarda-chuva<\/h3>\n<p>A instala\u00e7\u00e3o correta do mastro \u00e9 fundamental para manter o guarda-chuva est\u00e1vel tanto em condi\u00e7\u00f5es de calma como de vento. O processo de montagem deve ser feito com cuidado para manter o alinhamento.<\/p>\n<ul>\n<li>\u2705 Insira o acoplador correto no poste de a\u00e7o com base no di\u00e2metro do seu guarda-chuva.<\/li>\n<li>\u2705 Deslize a haste do guarda-chuva no acoplador e aperte com os bot\u00f5es de aperto at\u00e9 ficar bem fixa, mas evite apertar em excesso.<\/li>\n<li>\u2705 Verifique se n\u00e3o h\u00e1 oscila\u00e7\u00f5es ap\u00f3s a fixa\u00e7\u00e3o para confirmar que est\u00e1 bem preso.<\/li>\n<\/ul>\n<p>Aperte cuidadosamente e teste a estabilidade do poste para reduzir o risco de inclina\u00e7\u00e3o ou tombamento quando a cobertura estiver aberta.<\/p>\n<h3>Enchimento e distribui\u00e7\u00e3o de peso para estabilidade<\/h3>\n<p>Encher a base corretamente garante que o seu guarda-chuva pequeno ou m\u00e9dio permane\u00e7a na vertical e equilibrado, mesmo com ventos moderados. A Patiofurnituresco utiliza bases de HDPE de alta qualidade, concebidas para suportar um peso substancial de enchimento, garantindo fiabilidade comercial.<\/p>\n<ul>\n<li>\u2699\ufe0f Encha a base atrav\u00e9s da abertura superior at\u00e9 \u00e0 capacidade m\u00e1xima: at\u00e9 <strong>23 kg<\/strong> (<strong>23 kg<\/strong>) utilizando uma combina\u00e7\u00e3o de areia e \u00e1gua.<\/li>\n<li>\u2699\ufe0f Para configura\u00e7\u00f5es flex\u00edveis, use apenas \u00e1gua (<strong>18 kg<\/strong>) ou, para instala\u00e7\u00f5es mais permanentes, apenas areia (<strong>21 kg<\/strong>).<\/li>\n<li>\u2699\ufe0f Aperte bem a tampa da porta de enchimento para evitar fugas e manter a integridade da press\u00e3o.<\/li>\n<\/ul>\n<p>A distribui\u00e7\u00e3o equilibrada do peso \u00e9 fundamental para evitar tombos acidentais ou tens\u00e3o nas juntas dos postes, prolongando a vida \u00fatil da base e da estrutura.<\/p>\n<h3>Posicionamento e gest\u00e3o do vento<\/h3>\n<p>As decis\u00f5es de posicionamento afetam significativamente a estabilidade do guarda-chuva. O design de meio guarda-chuva torna estes modelos mais expostos ao vento de um lado, por isso \u00e9 essencial posicion\u00e1-los contra uma estrutura s\u00f3lida.<\/p>\n<ul>\n<li>\ud83d\udca1 Coloque metade dos guarda-chuvas firmemente contra uma parede ou cerca para adicionar suporte estrutural.<\/li>\n<li>\ud83d\udca1 Feche e prenda sempre a cobertura durante ventos fortes para evitar danos.<\/li>\n<li>\u26a0\ufe0f Entenda que o design semicircular aumenta a resist\u00eancia ao vento, tornando as superf\u00edcies s\u00f3lidas atr\u00e1s do guarda-chuva um requisito de seguran\u00e7a.<\/li>\n<\/ul>\n<p>A aten\u00e7\u00e3o a esses detalhes de posicionamento evita movimentos desnecess\u00e1rios e garante uma cobertura consistente da sombra ao longo do dia.<\/p>\n<p><img loading=\"lazy\" decoding=\"async\" class=\"aligncenter size-full wp-image-27588313\" src=\"https:\/\/patiofurnituresco.com\/wp-content\/uploads\/2025\/11\/red-balcony-half-umbrella-for-city-apartment-terrace.webp\" alt=\"\" width=\"1344\" height=\"756\" srcset=\"https:\/\/patiofurnituresco.com\/wp-content\/uploads\/2025\/11\/red-balcony-half-umbrella-for-city-apartment-terrace.webp 1344w, https:\/\/patiofurnituresco.com\/wp-content\/uploads\/2025\/11\/red-balcony-half-umbrella-for-city-apartment-terrace-1280x720.webp 1280w, https:\/\/patiofurnituresco.com\/wp-content\/uploads\/2025\/11\/red-balcony-half-umbrella-for-city-apartment-terrace-980x551.webp 980w, https:\/\/patiofurnituresco.com\/wp-content\/uploads\/2025\/11\/red-balcony-half-umbrella-for-city-apartment-terrace-480x270.webp 480w\" sizes=\"(min-width: 0px) and (max-width: 480px) 480px, (min-width: 481px) and (max-width: 980px) 980px, (min-width: 981px) and (max-width: 1280px) 1280px, (min-width: 1281px) 1344px, 100vw\" \/><\/p>\n<h3>Problemas comuns de instala\u00e7\u00e3o e resolu\u00e7\u00e3o de problemas<\/h3>\n<p>Mesmo guarda-chuvas de qualidade podem apresentar instabilidade se os detalhes de montagem forem negligenciados. Veja como identificar e corrigir rapidamente os problemas comuns de instala\u00e7\u00e3o.<\/p>\n<ul>\n<li>\u26a0\ufe0f A instabilidade resulta frequentemente de bases insuficientemente cheias \u2014 encha sempre at\u00e9 \u00e0 capacidade total recomendada.<\/li>\n<li>\u26a0\ufe0f Problemas de encaixe do poste ocorrem quando os tamanhos dos acopladores n\u00e3o correspondem ao di\u00e2metro do poste; verifique antes da montagem.<\/li>\n<li>\u26a0\ufe0f As fugas de \u00e1gua na abertura de enchimento s\u00e3o geralmente causadas por tampas soltas ou sujas \u2014 limpe e aperte bem.<\/li>\n<li>\ud83d\udca1 Aperte os bot\u00f5es totalmente, mas com cuidado, para evitar danos causados por for\u00e7a excessiva.<\/li>\n<\/ul>\n<p>Seguir estes pequenos ajustes garante que o seu <strong>melhor guarda-sol pequeno para p\u00e1tio<\/strong> permanece seguro e duradouro, mesmo em ambientes de uso intenso.<\/p>\n<h2>Manuten\u00e7\u00e3o e cuidados para uma vida \u00fatil prolongada<\/h2>\n<blockquote style=\"border-left: 4px solid #fa8500; padding: 12px 18px; margin: 20px 0; background-color: #f9f9f9;\"><p>A manuten\u00e7\u00e3o adequada dos m\u00f3veis de jardim pode prolongar a sua vida \u00fatil em <strong>2\u20133 vezes<\/strong>. Os cuidados de rotina incluem limpeza anual, veda\u00e7\u00e3o protetora a cada <strong>2\u20133 anos<\/strong>, e inspe\u00e7\u00f5es regulares que evitam a deteriora\u00e7\u00e3o prematura. As necessidades de manuten\u00e7\u00e3o variam de acordo com o material, mas uma manuten\u00e7\u00e3o consistente garante uma vida \u00fatil mais longa.<\/p><\/blockquote>\n<p>M\u00f3veis de jardim dur\u00e1veis dependem realmente de uma manuten\u00e7\u00e3o consistente ao longo das esta\u00e7\u00f5es. Um pouco de aten\u00e7\u00e3o regular mant\u00e9m a madeira, o metal e os materiais sint\u00e9ticos com bom desempenho ano ap\u00f3s ano, reduzindo o desperd\u00edcio e os custos de substitui\u00e7\u00e3o.<\/p>\n<h3>Tarefas e cronogramas de manuten\u00e7\u00e3o essenciais<\/h3>\n<p>De acordo com a nossa experi\u00eancia, a longevidade dos m\u00f3veis aumenta drasticamente quando os propriet\u00e1rios seguem rotinas regulares de limpeza e prote\u00e7\u00e3o. As tarefas a seguir formam um cronograma de manuten\u00e7\u00e3o s\u00f3lido, adequado para diferentes materiais.<\/p>\n<ul>\n<li>\ud83e\uddfd Limpeza semanal com detergente suave para madeira e um pano h\u00famido para outros materiais, a fim de evitar o aparecimento de bolor, mofo e acumula\u00e7\u00e3o de sujidade.<\/li>\n<li>\ud83e\udea3 Limpeza profunda anual para manter o acabamento da superf\u00edcie e os n\u00edveis de higiene.<\/li>\n<li>\ud83c\udf1e Selagem ou tratamento UV a cada <strong>2\u20133 anos<\/strong> para preservar a cor e a resist\u00eancia \u00e0s intemp\u00e9ries, especialmente crucial para a teca e recomendado para todos os materiais.<\/li>\n<li>\ud83d\udd29 Verifica\u00e7\u00f5es regulares do hardware para apertar as juntas, prevenir ferrugem e considerar o uso de produtos de qualidade mar\u00edtima. <a href=\"https:\/\/patiofurnituresco.com\/pt\/guia-de-durabilidade-de-ferragens-comerciais-para-exteriores\/\"  data-wpil-monitor-id=\"827\">a\u00e7o inoxid\u00e1vel<\/a> fixadores.<\/li>\n<li>\ud83d\udee0\ufe0f Aplique conversores de ferrugem e lubrificantes de silicone nas pe\u00e7as met\u00e1licas imediatamente quando aparecer corros\u00e3o.<\/li>\n<li>\ud83e\udde5 Use capas protetoras durante chuvas fortes, neve ou armazenamento fora de \u00e9poca para proteger contra danos causados por raios UV e umidade.<\/li>\n<\/ul>\n<h3>Informa\u00e7\u00f5es espec\u00edficas sobre longevidade e cuidados com materiais<\/h3>\n<p>Diferentes materiais respondem de forma \u00fanica \u00e0 manuten\u00e7\u00e3o cont\u00ednua, e os cuidados programados afetam diretamente a durabilidade de cada pe\u00e7a. A tabela abaixo oferece uma compara\u00e7\u00e3o entre a vida \u00fatil esperada com e sem manuten\u00e7\u00e3o.<\/p>\n<table style=\"width: 100%; border-collapse: collapse; margin: 20px 0;\">\n<thead style=\"background: #9C1319; color: #ffffff;\">\n<tr>\n<td style=\"padding: 15px; border: 1px solid #ddd;\">Material<\/td>\n<td style=\"padding: 15px; border: 1px solid #ddd;\">Vida \u00fatil t\u00edpica<\/td>\n<td style=\"padding: 15px; border: 1px solid #ddd;\">Com manuten\u00e7\u00e3o adequada<\/td>\n<td style=\"padding: 15px; border: 1px solid #ddd;\">Notas de manuten\u00e7\u00e3o<\/td>\n<\/tr>\n<\/thead>\n<tbody>\n<tr>\n<td style=\"padding: 15px; border: 1px solid #ddd;\">\ud83c\udf33 Teca (sem acabamento)<\/td>\n<td style=\"padding: 15px; border: 1px solid #ddd;\"><strong>Mais de 30 anos<\/strong><\/td>\n<td style=\"padding: 15px; border: 1px solid #ddd;\"><strong>Mais de 50 anos<\/strong><\/td>\n<td style=\"padding: 15px; border: 1px solid #ddd;\">A veda\u00e7\u00e3o anual mant\u00e9m a durabilidade e a tonalidade dourada.<\/td>\n<\/tr>\n<tr>\n<td style=\"padding: 15px; border: 1px solid #ddd;\">\u2699\ufe0f Alum\u00ednio<\/td>\n<td style=\"padding: 15px; border: 1px solid #ddd;\"><strong>10\u201315 anos<\/strong><\/td>\n<td style=\"padding: 15px; border: 1px solid #ddd;\"><strong>Mais de 15 anos<\/strong> com polimento e preven\u00e7\u00e3o contra ferrugem.<\/td>\n<td style=\"padding: 15px; border: 1px solid #ddd;\">Evite arranh\u00f5es para proteger o revestimento em p\u00f3.<\/td>\n<\/tr>\n<tr>\n<td style=\"padding: 15px; border: 1px solid #ddd;\">\ud83e\udeb6 Vime para todas as condi\u00e7\u00f5es meteorol\u00f3gicas (HDPE)<\/td>\n<td style=\"padding: 15px; border: 1px solid #ddd;\"><strong>5 a 7 anos<\/strong><\/td>\n<td style=\"padding: 15px; border: 1px solid #ddd;\"><strong>8\u201310 anos<\/strong><\/td>\n<td style=\"padding: 15px; border: 1px solid #ddd;\">Limpe regularmente e aplique sprays protetores contra raios UV.<\/td>\n<\/tr>\n<tr>\n<td style=\"padding: 15px; border: 1px solid #ddd;\">\ud83c\udf32 Madeira dura (ac\u00e1cia, eucalipto)<\/td>\n<td style=\"padding: 15px; border: 1px solid #ddd;\"><strong>7 a 15 anos<\/strong><\/td>\n<td style=\"padding: 15px; border: 1px solid #ddd;\">Mais tempo com selagem e armazenamento a seco.<\/td>\n<td style=\"padding: 15px; border: 1px solid #ddd;\">Aplicar \u00f3leo anualmente para manter a cor.<\/td>\n<\/tr>\n<tr>\n<td style=\"padding: 15px; border: 1px solid #ddd;\">\ud83c\udf3e Cedro e sequ\u00f3ia vermelha<\/td>\n<td style=\"padding: 15px; border: 1px solid #ddd;\"><strong>3 a 5 anos<\/strong><\/td>\n<td style=\"padding: 15px; border: 1px solid #ddd;\"><strong>8 anos<\/strong> com veda\u00e7\u00e3o e uso de tampa.<\/td>\n<td style=\"padding: 15px; border: 1px solid #ddd;\">Precisa de prote\u00e7\u00e3o extra contra raios UV e humidade.<\/td>\n<\/tr>\n<\/tbody>\n<\/table>\n<h3>Manuten\u00e7\u00e3o preventiva vs. Reparos reativos<\/h3>\n<p>Os cuidados proativos s\u00e3o a forma mais econ\u00f3mica de proteger os investimentos ao ar livre. As rotinas preventivas prolongam a vida \u00fatil do mobili\u00e1rio e minimizam a necessidade de grandes repara\u00e7\u00f5es.<\/p>\n<ul>\n<li>\u2705 A manuten\u00e7\u00e3o preventiva abrange limpeza, veda\u00e7\u00e3o, verifica\u00e7\u00f5es de rotina e resposta r\u00e1pida \u00e0 ferrugem para prolongar a vida \u00fatil.<\/li>\n<li>\u274c A manuten\u00e7\u00e3o reativa \u2014 reparar ferrugem, bolor ou rachaduras somente ap\u00f3s o seu aparecimento \u2014 muitas vezes acelera o desgaste e aumenta os custos.<\/li>\n<li>\ud83d\udca1 A atualiza\u00e7\u00e3o para fixadores inoxid\u00e1veis de qualidade mar\u00edtima evita ferrugem e afrouxamento, especialmente em climas h\u00famidos.<\/li>\n<li>\u26a0\ufe0f Ajuste a frequ\u00eancia de manuten\u00e7\u00e3o de acordo com o clima local: \u00e1reas costeiras ou tropicais exigem verifica\u00e7\u00f5es mais frequentes e revestimento protetor para manter a integridade estrutural.<\/li>\n<\/ul>\n<h3>Equ\u00edvocos e considera\u00e7\u00f5es clim\u00e1ticas<\/h3>\n<p>\u201c\u00c0 prova de intemp\u00e9ries\u201d n\u00e3o significa \u201csem manuten\u00e7\u00e3o\u201d. Mesmo os materiais resistentes precisam de prote\u00e7\u00e3o sazonal para manter a sua estrutura e acabamento intactos.<\/p>\n<ul>\n<li>\u2699\ufe0f O alum\u00ednio, o vime HDPE e a teca resistem a danos, mas ainda assim beneficiam de uma limpeza regular e de cuidados contra os raios UV.<\/li>\n<li>\ud83c\udf26\ufe0f A elevada humidade, o ar salgado ou o sol forte exigem uma manuten\u00e7\u00e3o mais diligente para evitar o desbotamento e a corros\u00e3o.<\/li>\n<li>\ud83d\udca1 Aplique sprays UV antes do ver\u00e3o e selantes ou revestimento de cera antes do inverno para combater o stress ambiental.<\/li>\n<li>\ud83e\uddf4 Guarde as almofadas num local seco e cubra os m\u00f3veis quando o tempo estiver mau para garantir a m\u00e1xima longevidade.<\/li>\n<\/ul>\n<p>A manuten\u00e7\u00e3o consistente e espec\u00edfica para cada clima \u00e9 o que realmente diferencia o uso a curto prazo da durabilidade a longo prazo, seja uma simples cadeira ou o <strong>melhor guarda-sol pequeno para p\u00e1tio<\/strong> numa varanda compacta.<\/p>\n<h2>Perguntas frequentes sobre guarda-s\u00f3is pequenos para p\u00e1tios<\/h2>\n<div class=\"faq-container\" style=\"margin-top: 20px;\">\n<details class=\"faq-item\" style=\"margin-bottom: 15px; border: 1px solid #e5e5e5; border-radius: 5px; padding: 15px; background-color: #fff;\">\n<summary style=\"font-size: 18px; color: #fa8500; font-weight: 600; cursor: pointer;\">O que \u00e9 um meio guarda-chuva?<\/summary>\n<div class=\"faq-content\" style=\"margin-top: 12px; color: #333; line-height: 1.6;\">\n<p>Um guarda-sol semi-circular, tamb\u00e9m chamado de guarda-sol de p\u00e1tio com parte traseira plana, tem um lado reto e outro curvo. Este design permite que ele se encaixe perfeitamente contra uma parede, corrim\u00e3o ou divis\u00f3ria de vidro \u2014 perfeito para pequenos p\u00e1tios ou varandas estreitas.<\/p>\n<p>De acordo com a nossa experi\u00eancia no fornecimento de guarda-chuvas de qualidade profissional, estes modelos funcionam melhor quando o espa\u00e7o \u00e9 limitado, mas ainda \u00e9 necess\u00e1ria cobertura de sombra. Frequentemente, s\u00e3o combinados com uma base pesada e economizadora de espa\u00e7o para maior estabilidade.<\/p>\n<\/div>\n<\/details>\n<details class=\"faq-item\" style=\"margin-bottom: 15px; border: 1px solid #e5e5e5; border-radius: 5px; padding: 15px; background-color: #fff;\">\n<summary style=\"font-size: 18px; color: #fa8500; font-weight: 600; cursor: pointer;\">Como posso sombrear uma pequena varanda?<\/summary>\n<div class=\"faq-content\" style=\"margin-top: 12px; color: #333; line-height: 1.6;\">\n<p>Para espa\u00e7os apertados, um meio guarda-chuva, um guarda-sol montado na parede ou uma sombra montada na grade funcionam melhor. Escolha modelos que tenham <a href=\"https:\/\/patiofurnituresco.com\/pt\/mecanismos-de-inclinacao-para-guarda-sois-de-patio-durabilidade-uso-comercial\/\"  data-wpil-monitor-id=\"830\">elevadores de manivela ou inclina\u00e7\u00e3o<\/a> fun\u00e7\u00f5es para ajuste r\u00e1pido durante o dia.<\/p>\n<ul>\n<li>\u2705 Use um meio guarda-chuva para sali\u00eancias estreitas ou contra paredes de varandas.<\/li>\n<li>\u2705 Escolha estruturas de alum\u00ednio para obter um peso mais leve e uma configura\u00e7\u00e3o f\u00e1cil.<\/li>\n<li>\ud83d\udca1 Se a exposi\u00e7\u00e3o ao vento for elevada, fixe-o com uma base pesada e resistente.<\/li>\n<\/ul>\n<p>Em \u00e1reas compactas sob <strong>10 m\u00b2<\/strong>, esta combina\u00e7\u00e3o proporciona sombra fi\u00e1vel, mantendo o passeio desobstru\u00eddo.<\/p>\n<\/div>\n<\/details>\n<details class=\"faq-item\" style=\"margin-bottom: 15px; border: 1px solid #e5e5e5; border-radius: 5px; padding: 15px; background-color: #fff;\">\n<summary style=\"font-size: 18px; color: #fa8500; font-weight: 600; cursor: pointer;\">Posso fixar um guarda-chuva na grade da varanda?<\/summary>\n<div class=\"faq-content\" style=\"margin-top: 12px; color: #333; line-height: 1.6;\">\n<p>Sim, v\u00e1rios guarda-chuvas pequenos s\u00e3o concebidos para instala\u00e7\u00e3o em corrim\u00f5es utilizando sistemas de fixa\u00e7\u00e3o ou suportes de montagem. Isto poupa espa\u00e7o no ch\u00e3o e garante uma melhor estabilidade em varandas elevadas.<\/p>\n<p>Ao selecionar um, verifique se o di\u00e2metro do corrim\u00e3o se encaixa na bra\u00e7adeira e se a cobertura do guarda-sol n\u00e3o excede <strong>1,8\u20132,1 m<\/strong> em largura. Coberturas maiores adicionam alavancagem desnecess\u00e1ria e risco em \u00e1reas ventosas.<\/p>\n<\/div>\n<\/details>\n<details class=\"faq-item\" style=\"margin-bottom: 15px; border: 1px solid #e5e5e5; border-radius: 5px; padding: 15px; background-color: #fff;\">\n<summary style=\"font-size: 18px; color: #fa8500; font-weight: 600; cursor: pointer;\">Qual \u00e9 o menor <a href=\"https:\/\/patiofurnituresco.com\/pt\/guia-de-selecao-de-tamanhos-de-guarda-sois-para-patios\/\"  data-wpil-monitor-id=\"819\">tamanho do guarda-sol<\/a>?<\/summary>\n<div class=\"faq-content\" style=\"margin-top: 12px; color: #333; line-height: 1.6;\">\n<p>O tamanho padr\u00e3o mais pequeno de um guarda-sol para p\u00e1tio come\u00e7a normalmente em torno de <strong>1,5 m (5 p\u00e9s)<\/strong> de di\u00e2metro. Op\u00e7\u00f5es compactas entre <strong>1,5\u20131,8 m<\/strong> oferecem cobertura ideal para mesas de bistr\u00f4 ou conjuntos de dois lugares para exterior.<\/p>\n<p>Estes modelos mais pequenos equilibram portabilidade, funcionalidade e resist\u00eancia ao vento, tornando-os excelentes para varandas, esplanadas de caf\u00e9s ou quiosques de retalho ao ar livre. Na nossa linha de produtos, tais <a href=\"https:\/\/patiofurnituresco.com\/pt\/engenharia-de-guarda-chuvas-resistentes-ao-vento\/\"  data-wpil-monitor-id=\"831\">os guarda-chuvas s\u00e3o testados<\/a> para resist\u00eancia aos raios UV e \u00e0 \u00e1gua, de acordo com os padr\u00f5es comerciais.<\/p>\n<\/div>\n<\/details>\n<details class=\"faq-item\" style=\"margin-bottom: 15px; border: 1px solid #e5e5e5; border-radius: 5px; padding: 15px; background-color: #fff;\">\n<summary style=\"font-size: 18px; color: #fa8500; font-weight: 600; cursor: pointer;\">Os guarda-chuvas de meia haste precisam de uma base especial?<\/summary>\n<div class=\"faq-content\" style=\"margin-top: 12px; color: #333; line-height: 1.6;\">\n<p>Sim, os guarda-chuvas de meia haste requerem uma base com formato especial, com a parte traseira plana, que se alinha com a parede. Isso evita que tombem e maximiza a estabilidade em espa\u00e7os pequenos.<\/p>\n<ul>\n<li>\u2705 Escolha uma base de ferro fundido ou a\u00e7o com peso m\u00ednimo de <strong>20\u201325 kg<\/strong>.<\/li>\n<li>\u2705 Em ambientes comerciais, as bases fixadas \u00e0 parede proporcionam seguran\u00e7a adicional contra rajadas de vento fortes.<\/li>\n<li>\ud83d\udca1 Combine sempre o tamanho da abertura da base com o di\u00e2metro do cabo do guarda-chuva para um encaixe perfeito.<\/li>\n<\/ul>\n<p>A Patiofurnituresco oferece bases compat\u00edveis projetadas para esses modelos como parte de sua <a href=\"https:\/\/patiofurnituresco.com\/pt\/guia-de-marca-propria-oem\/\"  data-wpil-monitor-id=\"822\">Personaliza\u00e7\u00e3o OEM\/ODM<\/a> servi\u00e7o para projetos de hotelaria e retalho.<\/p>\n<\/div>\n<\/details>\n<\/div>\n<h2>Considera\u00e7\u00f5es finais<\/h2>\n<p>Os guarda-s\u00f3is pequenos e m\u00e9dios provam que um design bem pensado pode oferecer funcionalidade e estilo em \u00e1reas externas compactas. Desde a compreens\u00e3o dos tamanhos e dimens\u00f5es ideais at\u00e9 o dom\u00ednio da instala\u00e7\u00e3o e manuten\u00e7\u00e3o, a escolha certa aumenta o conforto sem sacrificar o espa\u00e7o. O guarda-sol m\u00e9dio, em particular, transforma varandas estreitas em ref\u00fagios funcionais, enquanto a manuten\u00e7\u00e3o consistente garante durabilidade a longo prazo e apelo visual.<\/p>\n<p>Para fornecedores, retalhistas ou promotores imobili\u00e1rios, a aquisi\u00e7\u00e3o de guarda-chuvas compactos bem constru\u00eddos e alinhados com as restri\u00e7\u00f5es do mundo real abre oportunidades para atender ao crescente mercado de espa\u00e7os pequenos. Trabalhar com fabricantes experientes como a Patiofurnituresco simplifica a personaliza\u00e7\u00e3o e <a href=\"https:\/\/patiofurnituresco.com\/pt\/processo-de-controlo-de-qualidade\/\"  data-wpil-monitor-id=\"828\">controlo de qualidade<\/a>, permitindo que as marcas ofere\u00e7am solu\u00e7\u00f5es pr\u00e1ticas de sombreamento que se identificam com os estilos de vida urbanos modernos.<\/p>","protected":false},"excerpt":{"rendered":"<p>Finding shade for a narrow balcony or compact patio can be difficult when full-size umbrellas dominate your limited space. Many residents need a smaller, practical solution that fits tight areas without losing comfort or style. This guide explores what defines a small patio umbrella, why half umbrellas suit narrow layouts, and how to choose the [&hellip;]<\/p>","protected":false},"author":1,"featured_media":27588309,"comment_status":"open","ping_status":"open","sticky":false,"template":"","format":"standard","meta":{"_et_pb_use_builder":"","_et_pb_old_content":"","_et_gb_content_width":"","footnotes":""},"categories":[15],"tags":[],"dipi_cpt_category":[],"class_list":["post-27588282","post","type-post","status-publish","format-standard","has-post-thumbnail","hentry","category-patio-umbrellas"],"_links":{"self":[{"href":"https:\/\/patiofurnituresco.com\/pt\/wp-json\/wp\/v2\/posts\/27588282","targetHints":{"allow":["GET"]}}],"collection":[{"href":"https:\/\/patiofurnituresco.com\/pt\/wp-json\/wp\/v2\/posts"}],"about":[{"href":"https:\/\/patiofurnituresco.com\/pt\/wp-json\/wp\/v2\/types\/post"}],"author":[{"embeddable":true,"href":"https:\/\/patiofurnituresco.com\/pt\/wp-json\/wp\/v2\/users\/1"}],"replies":[{"embeddable":true,"href":"https:\/\/patiofurnituresco.com\/pt\/wp-json\/wp\/v2\/comments?post=27588282"}],"version-history":[{"count":7,"href":"https:\/\/patiofurnituresco.com\/pt\/wp-json\/wp\/v2\/posts\/27588282\/revisions"}],"predecessor-version":[{"id":27588985,"href":"https:\/\/patiofurnituresco.com\/pt\/wp-json\/wp\/v2\/posts\/27588282\/revisions\/27588985"}],"wp:featuredmedia":[{"embeddable":true,"href":"https:\/\/patiofurnituresco.com\/pt\/wp-json\/wp\/v2\/media\/27588309"}],"wp:attachment":[{"href":"https:\/\/patiofurnituresco.com\/pt\/wp-json\/wp\/v2\/media?parent=27588282"}],"wp:term":[{"taxonomy":"category","embeddable":true,"href":"https:\/\/patiofurnituresco.com\/pt\/wp-json\/wp\/v2\/categories?post=27588282"},{"taxonomy":"post_tag","embeddable":true,"href":"https:\/\/patiofurnituresco.com\/pt\/wp-json\/wp\/v2\/tags?post=27588282"},{"taxonomy":"dipi_cpt_category","embeddable":true,"href":"https:\/\/patiofurnituresco.com\/pt\/wp-json\/wp\/v2\/dipi_cpt_category?post=27588282"}],"curies":[{"name":"wp","href":"https:\/\/api.w.org\/{rel}","templated":true}]}}