{"id":27588304,"date":"2025-11-29T08:27:00","date_gmt":"2025-11-29T08:27:00","guid":{"rendered":"https:\/\/patiofurnituresco.com\/?p=27588304"},"modified":"2025-11-28T08:27:37","modified_gmt":"2025-11-28T08:27:37","slug":"dicas-para-a-instalacao-de-coberturas-de-protecao-para-guarda-sois-de-patio","status":"publish","type":"post","link":"https:\/\/patiofurnituresco.com\/pt\/dicas-para-a-instalacao-de-coberturas-de-protecao-para-guarda-sois-de-patio\/","title":{"rendered":"As melhores capas para guarda-s\u00f3is de 2026 (essenciais para a longevidade)"},"content":{"rendered":"<p>Os guarda-chuvas de exterior est\u00e3o constantemente expostos \u00e0 luz solar, \u00e0 chuva e ao p\u00f3 - factores que podem desbotar rapidamente os tecidos e danificar as arma\u00e7\u00f5es. Muitos propriet\u00e1rios de casas e empresas substituem guarda-chuvas dispendiosos prematuramente, simplesmente porque n\u00e3o disp\u00f5em de prote\u00e7\u00e3o adequada.<\/p>\n<p>Este guia compara as melhores coberturas para guarda-chuvas de p\u00e1tio de 2026, explica como instal\u00e1-las com uma varinha para um ajuste seguro e partilha dicas de material e manuten\u00e7\u00e3o que ajudam a prolongar a vida \u00fatil do seu guarda-chuva e a preservar a sua cor esta\u00e7\u00e3o ap\u00f3s esta\u00e7\u00e3o.<\/p>\n<h2>As 10 melhores capas de guarda-chuva de p\u00e1tio com varinhas de instala\u00e7\u00e3o<\/h2>\n<p>Selecionar o caminho certo <a href=\"https:\/\/patiofurnituresco.com\/pt\/manutencao-do-fecho-do-guarda-sol-do-patio\/\" data-wpil-monitor-id=\"109\">guarda-sol<\/a> Uma cobertura com uma varinha de instala\u00e7\u00e3o aumenta a durabilidade e a facilidade de utiliza\u00e7\u00e3o, simplificando a manuten\u00e7\u00e3o no exterior. Segue-se uma lista com curadoria de dez marcas de topo que oferecem coberturas fi\u00e1veis concebidas para uma s\u00e9rie de necessidades residenciais e comerciais.<\/p>\n<h3>1. M\u00f3veis de jardim<\/h3>\n<p><strong>Localiza\u00e7\u00e3o:<\/strong> China<br \/>\n<strong>Principais produtos:<\/strong> De n\u00edvel comercial <a href=\"https:\/\/patiofurnituresco.com\/pt\/guarda-sois-retangulares-para-patios-solucoes-de-sombreamento-mesas-compridas\/\" data-wpil-monitor-id=\"110\">guarda-s\u00f3is de p\u00e1tio<\/a>, esplanadas, estruturas exteriores<br \/>\n<strong>Principais mercados:<\/strong> Startups, marcas pr\u00f3prias, com\u00e9rcio eletr\u00f3nico<\/p>\n<p>A Patiofurnituresco \u00e9 uma empresa sediada na China. <a href=\"https:\/\/patiofurnituresco.com\/pt\/fabricante-de-assentos-para-exteriores\/\"  data-wpil-monitor-id=\"121\">fabricante especializado em produtos para exteriores de qualidade profissional<\/a> m\u00f3veis com mais de <strong>16 anos<\/strong> de experi\u00eancia. A empresa serve clientes comerciais em mais de <strong>30 pa\u00edses<\/strong>, A empresa est\u00e1 a trabalhar com a sua pr\u00f3pria empresa, concentrando-se nos mercados dos EUA, da UE e do M\u00e9dio Oriente. O seu modelo direto da f\u00e1brica elimina os intermedi\u00e1rios para oferecer pre\u00e7os competitivos e op\u00e7\u00f5es de personaliza\u00e7\u00e3o avan\u00e7adas, incluindo servi\u00e7os OEM e ODM.<\/p>\n<p>O mobili\u00e1rio da Patiofurnituresco cumpre certifica\u00e7\u00f5es globais como <strong>UL4041<\/strong> e <strong>EN581<\/strong>, garantindo a durabilidade em ambientes comerciais de elevado tr\u00e1fego. Com quantidades m\u00ednimas de encomenda flex\u00edveis e prazos de entrega fi\u00e1veis de <strong>30 a 50 dias<\/strong>, A empresa apoia projectos de qualquer dimens\u00e3o.<\/p>\n<table style=\"width: 100%; border-collapse: collapse; margin: 20px 0;\">\n<thead style=\"background: #9C1319; color: #ffffff;\">\n<tr>\n<th style=\"padding: 15px;\">\u2705 O que adoramos<\/th>\n<th style=\"padding: 15px;\">\u274c Aspectos a considerar<\/th>\n<\/tr>\n<\/thead>\n<tbody>\n<tr>\n<td style=\"padding: 15px; border: 1px solid #ddd;\">Quantidades m\u00ednimas de encomenda reduzidas<\/td>\n<td style=\"padding: 15px; border: 1px solid #ddd;\">Centrado principalmente em clientes B2B<\/td>\n<\/tr>\n<tr>\n<td style=\"padding: 15px; border: 1px solid #ddd;\">Amostragem r\u00e1pida e prazos de entrega fi\u00e1veis<\/td>\n<td style=\"padding: 15px; border: 1px solid #ddd;\"><\/td>\n<\/tr>\n<tr>\n<td style=\"padding: 15px; border: 1px solid #ddd;\">Qualidade certificada de n\u00edvel comercial<\/td>\n<td style=\"padding: 15px; border: 1px solid #ddd;\"><\/td>\n<\/tr>\n<\/tbody>\n<\/table>\n<h3>2. P\u00e1tioGem<\/h3>\n<p><strong>Localiza\u00e7\u00e3o:<\/strong> N\u00e3o especificado (Diret-to-consumer via Amazon)<br \/>\n<strong>Principais produtos:<\/strong> Coberturas imperme\u00e1veis para guarda-chuvas, coberturas para sof\u00e1s, coberturas para mobili\u00e1rio de p\u00e1tio<br \/>\n<strong>Principais mercados:<\/strong> Consumidores residenciais<\/p>\n<p>A PatioGem oferece prote\u00e7\u00e3o para mobili\u00e1rio de exterior, centrando-se em modelos \u00e0 prova de \u00e1gua, resistentes aos raios UV e ao vento. As suas coberturas para guarda-chuvas incluem forro em PVC, costura dupla e topos selados. Cada uma \u00e9 fornecida com uma varinha de instala\u00e7\u00e3o e uma bolsa de arruma\u00e7\u00e3o para maior comodidade.<\/p>\n<p>Concebido para guarda-chuvas at\u00e9 <strong>3,35 metros<\/strong>, O PatioGem tem fechos de correr a todo o comprimento e fechos resistentes ao vento. \u00c9 uma op\u00e7\u00e3o de confian\u00e7a entre os propriet\u00e1rios que procuram uma prote\u00e7\u00e3o pr\u00e1tica e duradoura.<\/p>\n<table style=\"width: 100%; border-collapse: collapse; margin: 20px 0;\">\n<thead style=\"background: #9C1319; color: #ffffff;\">\n<tr>\n<th style=\"padding: 15px;\">\u2705 O que adoramos<\/th>\n<th style=\"padding: 15px;\">\u274c Aspectos a considerar<\/th>\n<\/tr>\n<\/thead>\n<tbody>\n<tr>\n<td style=\"padding: 15px; border: 1px solid #ddd;\">Inclui varinha de instala\u00e7\u00e3o<\/td>\n<td style=\"padding: 15px; border: 1px solid #ddd;\">Principalmente B2C com produ\u00e7\u00e3o limitada \u00e0 escala comercial<\/td>\n<\/tr>\n<tr>\n<td style=\"padding: 15px; border: 1px solid #ddd;\">Fecho de correr a todo o comprimento para um acesso f\u00e1cil<\/td>\n<td style=\"padding: 15px; border: 1px solid #ddd;\"><\/td>\n<\/tr>\n<tr>\n<td style=\"padding: 15px; border: 1px solid #ddd;\">Bolsa de arruma\u00e7\u00e3o integrada para a varinha<\/td>\n<td style=\"padding: 15px; border: 1px solid #ddd;\"><\/td>\n<\/tr>\n<\/tbody>\n<\/table>\n<h3>3. Coberturas e tudo<\/h3>\n<p><strong>Localiza\u00e7\u00e3o:<\/strong> N\u00e3o especificado (retalhista em linha)<br \/>\n<strong>Principais produtos:<\/strong> Capas de guarda-chuva Ripstop, Cover Max e Cover Rite<br \/>\n<strong>Principais mercados:<\/strong> Clientes residenciais e comerciais, incluindo hot\u00e9is, resorts e locais ao ar livre<\/p>\n<p>Covers and All \u00e9 um retalhista online de primeira qualidade com tr\u00eas tipos de tecido e tamanhos personaliz\u00e1veis. Os seus produtos incluem aberturas de ventila\u00e7\u00e3o, costuras seladas e acess\u00f3rios com cord\u00e3o. A <strong>Garantia de 3 anos<\/strong> O sistema de prote\u00e7\u00e3o contra inc\u00eandios tem uma durabilidade de n\u00edvel comercial, adequado para tudo, desde casas particulares a est\u00e2ncias tur\u00edsticas.<\/p>\n<table style=\"width: 100%; border-collapse: collapse; margin: 20px 0;\">\n<thead style=\"background: #9C1319; color: #ffffff;\">\n<tr>\n<th style=\"padding: 15px;\">\u2705 O que adoramos<\/th>\n<th style=\"padding: 15px;\">\u26a0\ufe0f Aspectos a considerar<\/th>\n<\/tr>\n<\/thead>\n<tbody>\n<tr>\n<td style=\"padding: 15px; border: 1px solid #ddd;\">V\u00e1rias op\u00e7\u00f5es de tecido para diferentes condi\u00e7\u00f5es climat\u00e9ricas<\/td>\n<td style=\"padding: 15px; border: 1px solid #ddd;\">Requer medi\u00e7\u00f5es personalizadas exactas<\/td>\n<\/tr>\n<tr>\n<td style=\"padding: 15px; border: 1px solid #ddd;\">Tamanho personaliz\u00e1vel<\/td>\n<td style=\"padding: 15px; border: 1px solid #ddd;\">Pre\u00e7os premium para tecidos de topo<\/td>\n<\/tr>\n<tr>\n<td style=\"padding: 15px; border: 1px solid #ddd;\">Garantia de 3 anos<\/td>\n<td style=\"padding: 15px; border: 1px solid #ddd;\"><\/td>\n<\/tr>\n<\/tbody>\n<\/table>\n<h3>4. Coberturas para patos<\/h3>\n<p><strong>Localiza\u00e7\u00e3o:<\/strong> Estados Unidos<br \/>\n<strong>Principais produtos:<\/strong> Coberturas para guarda-chuvas Elite, coberturas para mobili\u00e1rio de exterior<br \/>\n<strong>Principais mercados:<\/strong> Consumidores residenciais preocupados com o or\u00e7amento<\/p>\n<p>A Duck Covers oferece uma prote\u00e7\u00e3o acess\u00edvel para mobili\u00e1rio de exterior que \u00e9 simultaneamente repelente \u00e0 \u00e1gua e pr\u00e1tica. As suas coberturas para guarda-chuvas Elite incluem varinhas de instala\u00e7\u00e3o incorporadas para tornar a montagem simples e r\u00e1pida. A marca aposta numa prote\u00e7\u00e3o f\u00e1cil e fi\u00e1vel a pre\u00e7os justos.<\/p>\n<table style=\"width: 100%; border-collapse: collapse; margin: 20px 0;\">\n<thead style=\"background: #9C1319; color: #ffffff;\">\n<tr>\n<th style=\"padding: 15px;\">\u2705 O que adoramos<\/th>\n<th style=\"padding: 15px;\">\u274c Aspectos a considerar<\/th>\n<\/tr>\n<\/thead>\n<tbody>\n<tr>\n<td style=\"padding: 15px; border: 1px solid #ddd;\">Pre\u00e7os acess\u00edveis<\/td>\n<td style=\"padding: 15px; border: 1px solid #ddd;\">Op\u00e7\u00f5es limitadas de materiais de qualidade superior<\/td>\n<\/tr>\n<tr>\n<td style=\"padding: 15px; border: 1px solid #ddd;\">Repel\u00eancia eficaz \u00e0 \u00e1gua<\/td>\n<td style=\"padding: 15px; border: 1px solid #ddd;\">Personaliza\u00e7\u00e3o m\u00ednima<\/td>\n<\/tr>\n<tr>\n<td style=\"padding: 15px; border: 1px solid #ddd;\">Sistema de varinha incorporado<\/td>\n<td style=\"padding: 15px; border: 1px solid #ddd;\"><\/td>\n<\/tr>\n<\/tbody>\n<\/table>\n<h3>5. P\u00e1tioShoppers<\/h3>\n<p><strong>Principais produtos:<\/strong> Coberturas para guarda-chuvas de 9-11 p\u00e9s, coberturas em vinil com tratamento UV<br \/>\n<strong>Principais mercados:<\/strong> Consumidores residenciais que procuram materiais de qualidade superior<\/p>\n<p>A PatioShoppers vende coberturas de vinil com tratamento UV concebidas para durar v\u00e1rias esta\u00e7\u00f5es. As suas coberturas adaptam-se a guarda-chuvas at\u00e9 <strong>3,35 metros<\/strong> e incluem uma haste de grande alcance para uma instala\u00e7\u00e3o simples. O foco est\u00e1 nos materiais de primeira qualidade e na utiliza\u00e7\u00e3o pr\u00e1tica.<\/p>\n<table style=\"width: 100%; border-collapse: collapse; margin: 20px 0;\">\n<thead style=\"background: #9C1319; color: #ffffff;\">\n<tr>\n<th style=\"padding: 15px;\">\u2705 O que adoramos<\/th>\n<th style=\"padding: 15px;\">\u26a0\ufe0f Aspectos a considerar<\/th>\n<\/tr>\n<\/thead>\n<tbody>\n<tr>\n<td style=\"padding: 15px; border: 1px solid #ddd;\">Vinil com tratamento UV para uma estabilidade a longo prazo<\/td>\n<td style=\"padding: 15px; border: 1px solid #ddd;\">Op\u00e7\u00f5es de tecido limitadas<\/td>\n<\/tr>\n<tr>\n<td style=\"padding: 15px; border: 1px solid #ddd;\">Haste de grande alcance inclu\u00edda<\/td>\n<td style=\"padding: 15px; border: 1px solid #ddd;\">Aus\u00eancia de pol\u00edticas de garantia claras<\/td>\n<\/tr>\n<tr>\n<td style=\"padding: 15px; border: 1px solid #ddd;\">Adapta-se a guarda-chuvas at\u00e9 11 p\u00e9s<\/td>\n<td style=\"padding: 15px; border: 1px solid #ddd;\"><\/td>\n<\/tr>\n<\/tbody>\n<\/table>\n<h3>6. Loja de capas<\/h3>\n<p><strong>Principais produtos:<\/strong> Coberturas de guarda-chuva Elite (8-10 p\u00e9s), sistemas de varinha retr\u00e1til<br \/>\n<strong>Principais mercados:<\/strong> Consumidores residenciais que procuram uma instala\u00e7\u00e3o f\u00e1cil<\/p>\n<p>A Coverstore possui um sistema inovador de varinha retr\u00e1til para maior comodidade. A sua linha Elite adapta-se a guarda-chuvas entre <strong>8-10 p\u00e9s<\/strong> e est\u00e1 dispon\u00edvel em v\u00e1rias cores. A marca combina uma constru\u00e7\u00e3o duradoura com um design elegante.<\/p>\n<table style=\"width: 100%; border-collapse: collapse; margin: 20px 0;\">\n<thead style=\"background: #9C1319; color: #ffffff;\">\n<tr>\n<th style=\"padding: 15px;\">\u2705 O que adoramos<\/th>\n<th style=\"padding: 15px;\">\u274c Aspectos a considerar<\/th>\n<\/tr>\n<\/thead>\n<tbody>\n<tr>\n<td style=\"padding: 15px; border: 1px solid #ddd;\">Sistema inovador de varinha retr\u00e1til<\/td>\n<td style=\"padding: 15px; border: 1px solid #ddd;\">Gama de tamanhos limitada<\/td>\n<\/tr>\n<tr>\n<td style=\"padding: 15px; border: 1px solid #ddd;\">Constru\u00e7\u00e3o duradoura<\/td>\n<td style=\"padding: 15px; border: 1px solid #ddd;\">Sem certifica\u00e7\u00f5es de n\u00edvel comercial<\/td>\n<\/tr>\n<tr>\n<td style=\"padding: 15px; border: 1px solid #ddd;\">V\u00e1rias op\u00e7\u00f5es de cores<\/td>\n<td style=\"padding: 15px; border: 1px solid #ddd;\"><\/td>\n<\/tr>\n<\/tbody>\n<\/table>\n<h3>7. Home Depot (marca pr\u00f3pria\/parceiros comerciais)<\/h3>\n<p><strong>Localiza\u00e7\u00e3o:<\/strong> Estados Unidos (Atlanta, GA)<br \/>\n<strong>Principais mercados:<\/strong> Consumidores residenciais atrav\u00e9s de um agregador retalhista<\/p>\n<p>A Home Depot seleciona uma vasta gama de coberturas para guarda-chuvas de topo de v\u00e1rias marcas. A sua plataforma destaca os modelos mais bem avaliados, equilibrando o custo e o design. Os compradores beneficiam de pol\u00edticas de devolu\u00e7\u00e3o flex\u00edveis e de coment\u00e1rios de consumidores verificados.<\/p>\n<table style=\"width: 100%; border-collapse: collapse; margin: 20px 0;\">\n<thead style=\"background: #9C1319; color: #ffffff;\">\n<tr>\n<th style=\"padding: 15px;\">\u2705 O que adoramos<\/th>\n<th style=\"padding: 15px;\">\u26a0\ufe0f Aspectos a considerar<\/th>\n<\/tr>\n<\/thead>\n<tbody>\n<tr>\n<td style=\"padding: 15px; border: 1px solid #ddd;\">Plataforma de retalho fi\u00e1vel<\/td>\n<td style=\"padding: 15px; border: 1px solid #ddd;\">Actua como retalhista e n\u00e3o como fabricante<\/td>\n<\/tr>\n<tr>\n<td style=\"padding: 15px; border: 1px solid #ddd;\">Produtos selecionados com as melhores classifica\u00e7\u00f5es<\/td>\n<td style=\"padding: 15px; border: 1px solid #ddd;\">Controlo direto limitado da qualidade dos produtos<\/td>\n<\/tr>\n<tr>\n<td style=\"padding: 15px; border: 1px solid #ddd;\">Transpar\u00eancia na avalia\u00e7\u00e3o dos clientes<\/td>\n<td style=\"padding: 15px; border: 1px solid #ddd;\"><\/td>\n<\/tr>\n<\/tbody>\n<\/table>\n<h3>8. Walmart (marca pr\u00f3pria\/parceiros comerciais)<\/h3>\n<p><strong>Localiza\u00e7\u00e3o:<\/strong> Estados Unidos (Bentonville, AR)<br \/>\n<strong>Principais mercados:<\/strong> Consumidores residenciais do mercado de massas<\/p>\n<p>A Walmart oferece capas de guarda-chuva atrav\u00e9s de v\u00e1rios parceiros fornecedores, principalmente para <strong>8 p\u00e9s e maiores<\/strong> guarda-chuvas. O seu objetivo \u00e9 a acessibilidade e o pre\u00e7o acess\u00edvel. O poder de distribui\u00e7\u00e3o do gigante retalhista garante uma ampla disponibilidade e apoio ao vendedor.<\/p>\n<table style=\"width: 100%; border-collapse: collapse; margin: 20px 0;\">\n<thead style=\"background: #9C1319; color: #ffffff;\">\n<tr>\n<th style=\"padding: 15px;\">\u2705 O que adoramos<\/th>\n<th style=\"padding: 15px;\">\u26a0\ufe0f Aspectos a considerar<\/th>\n<\/tr>\n<\/thead>\n<tbody>\n<tr>\n<td style=\"padding: 15px; border: 1px solid #ddd;\">Acessibilidade do mercado de massas<\/td>\n<td style=\"padding: 15px; border: 1px solid #ddd;\">Variabilidade da qualidade dependente do fornecedor<\/td>\n<\/tr>\n<tr>\n<td style=\"padding: 15px; border: 1px solid #ddd;\">Pre\u00e7os competitivos<\/td>\n<td style=\"padding: 15px; border: 1px solid #ddd;\">Op\u00e7\u00f5es premium limitadas<\/td>\n<\/tr>\n<tr>\n<td style=\"padding: 15px; border: 1px solid #ddd;\">Suporte responsivo do fornecedor<\/td>\n<td style=\"padding: 15px; border: 1px solid #ddd;\"><\/td>\n<\/tr>\n<\/tbody>\n<\/table>\n<h3>9. Ezvid Wiki<\/h3>\n<p><strong>Principais produtos:<\/strong> Revis\u00f5es selecionadas de coberturas para guarda-chuvas de exterior<br \/>\n<strong>Principais mercados:<\/strong> Consumidores que pesquisam produtos<\/p>\n<p>A Ezvid Wiki classifica e compara as capas de guarda-chuva utilizando dados e feedback de testes. \u00c9 um centro de pesquisa onde os compradores encontram an\u00e1lises objectivas de durabilidade, design e usabilidade. Embora a Ezvid n\u00e3o venda produtos, as suas classifica\u00e7\u00f5es influenciam fortemente as decis\u00f5es de compra.<\/p>\n<table style=\"width: 100%; border-collapse: collapse; margin: 20px 0;\">\n<thead style=\"background: #9C1319; color: #ffffff;\">\n<tr>\n<th style=\"padding: 15px;\">\ud83d\udca1 O que adoramos<\/th>\n<th style=\"padding: 15px;\">\u26a0\ufe0f Aspectos a considerar<\/th>\n<\/tr>\n<\/thead>\n<tbody>\n<tr>\n<td style=\"padding: 15px; border: 1px solid #ddd;\">Curadoria independente de produtos<\/td>\n<td style=\"padding: 15px; border: 1px solid #ddd;\">Sem vendas diretas ou apoio de fornecedores<\/td>\n<\/tr>\n<tr>\n<td style=\"padding: 15px; border: 1px solid #ddd;\">An\u00e1lise comparativa objetiva<\/td>\n<td style=\"padding: 15px; border: 1px solid #ddd;\"><\/td>\n<\/tr>\n<tr>\n<td style=\"padding: 15px; border: 1px solid #ddd;\">Descri\u00e7\u00f5es exaustivas das carater\u00edsticas<\/td>\n<td style=\"padding: 15px; border: 1px solid #ddd;\"><\/td>\n<\/tr>\n<\/tbody>\n<\/table>\n<h3>10. Houzz<\/h3>\n<p><strong>Principais produtos:<\/strong> Ver\u00e3oAcidente <a href=\"https:\/\/patiofurnituresco.com\/pt\/bases-para-guarda-sois-de-patio-estabilidade-mobilidade\/\" data-wpil-monitor-id=\"111\">guarda-s\u00f3is de p\u00e1tio<\/a> e capas; an\u00e1lises comunit\u00e1rias<br \/>\n<strong>Principais mercados:<\/strong> Propriet\u00e1rios de casas e entusiastas do design<\/p>\n<p>A Houzz \u00e9 uma plataforma comunit\u00e1ria para debates sobre design e an\u00e1lises de produtos. Os utilizadores partilham opini\u00f5es do mundo real sobre <a href=\"https:\/\/patiofurnituresco.com\/pt\/guarda-sois-pequenos-para-patios-economia-de-espaco-sombra-varandas-compactas\/\" data-wpil-monitor-id=\"112\">guarda-s\u00f3is de p\u00e1tio<\/a> e coberturas, muitas vezes real\u00e7ando a durabilidade e a reten\u00e7\u00e3o de valor. Os conhecimentos dos pares apoiam decis\u00f5es informadas sobre mobili\u00e1rio de exterior.<\/p>\n<table style=\"width: 100%; border-collapse: collapse; margin: 20px 0;\">\n<thead style=\"background: #9C1319; color: #ffffff;\">\n<tr>\n<th style=\"padding: 15px;\">\ud83d\udca1 O que adoramos<\/th>\n<th style=\"padding: 15px;\">\u26a0\ufe0f Aspectos a considerar<\/th>\n<\/tr>\n<\/thead>\n<tbody>\n<tr>\n<td style=\"padding: 15px; border: 1px solid #ddd;\">Avalia\u00e7\u00f5es aut\u00eanticas pelos pares<\/td>\n<td style=\"padding: 15px; border: 1px solid #ddd;\">Especifica\u00e7\u00f5es limitadas do produto dispon\u00edveis<\/td>\n<\/tr>\n<tr>\n<td style=\"padding: 15px; border: 1px solid #ddd;\">Valida\u00e7\u00e3o da durabilidade a longo prazo<\/td>\n<td style=\"padding: 15px; border: 1px solid #ddd;\">N\u00e3o h\u00e1 integra\u00e7\u00e3o de vendas diretas<\/td>\n<\/tr>\n<tr>\n<td style=\"padding: 15px; border: 1px solid #ddd;\">Recomenda\u00e7\u00f5es orientadas para a comunidade<\/td>\n<td style=\"padding: 15px; border: 1px solid #ddd;\"><\/td>\n<\/tr>\n<\/tbody>\n<\/table>\n<p>Cada marca traz algo de \u00fanico, desde o fabrico de n\u00edvel comercial da Patiofurnituresco at\u00e9 \u00e0s carater\u00edsticas de f\u00e1cil utiliza\u00e7\u00e3o da PatioGem. Quer necessite de um fornecimento em grande escala para projectos de hospitalidade ou de uma \u00fanica cobertura de alta qualidade para o seu quintal, esta lista destaca op\u00e7\u00f5es fi\u00e1veis para proteger todos os investimentos em p\u00e1tios.<\/p>\n<p><img loading=\"lazy\" decoding=\"async\" class=\"aligncenter size-full wp-image-27588323\" src=\"https:\/\/patiofurnituresco.com\/wp-content\/uploads\/2025\/11\/matching-outdoor-furniture-and-umbrella-cover-set-waterproof.webp\" alt=\"\" width=\"1344\" height=\"756\" srcset=\"https:\/\/patiofurnituresco.com\/wp-content\/uploads\/2025\/11\/matching-outdoor-furniture-and-umbrella-cover-set-waterproof.webp 1344w, https:\/\/patiofurnituresco.com\/wp-content\/uploads\/2025\/11\/matching-outdoor-furniture-and-umbrella-cover-set-waterproof-1280x720.webp 1280w, https:\/\/patiofurnituresco.com\/wp-content\/uploads\/2025\/11\/matching-outdoor-furniture-and-umbrella-cover-set-waterproof-980x551.webp 980w, https:\/\/patiofurnituresco.com\/wp-content\/uploads\/2025\/11\/matching-outdoor-furniture-and-umbrella-cover-set-waterproof-480x270.webp 480w\" sizes=\"(min-width: 0px) and (max-width: 480px) 480px, (min-width: 481px) and (max-width: 980px) 980px, (min-width: 981px) and (max-width: 1280px) 1280px, (min-width: 1281px) 1344px, 100vw\" \/><\/p>\n<h2>Como instalar uma cobertura de guarda-chuva de p\u00e1tio com uma varinha<\/h2>\n<blockquote style=\"border-left: 4px solid #fa8500; padding: 12px 18px; margin: 20px 0; background-color: #f9f9f9;\"><p>Installing a patio umbrella cover with a wand involves assembling the wand support rod, inserting it into the cover&#8217;s designated pocket or sleeve, positioning the cover over the umbrella frame, and securing it with zippers or drawstrings. The process typically takes <strong>5-10 minutos<\/strong> com o guarda-chuva numa posi\u00e7\u00e3o vertical e est\u00e1vel.<\/p><\/blockquote>\n<p>Utilizar uma varinha para instalar um <a href=\"https:\/\/patiofurnituresco.com\/pt\/guia-de-compra-de-guarda-sois-grandes-para-patios-estabilidade-e-durabilidade\/\" data-wpil-monitor-id=\"105\">a cobertura do guarda-chuva do p\u00e1tio faz com que o manuseamento seja grande<\/a> ou guarda-chuvas altos de forma mais f\u00e1cil e segura. Segundo a nossa experi\u00eancia, dedicar alguns minutos \u00e0 montagem e ao ajuste correto da cobertura pode fazer uma grande diferen\u00e7a na sua durabilidade e ajuste. As sec\u00e7\u00f5es seguintes explicam como concluir o processo de forma eficiente e evitar erros comuns que podem encurtar a vida \u00fatil da sua cobertura.<\/p>\n<h3>Processo de instala\u00e7\u00e3o passo-a-passo<\/h3>\n<p>Para instalar corretamente a cobertura do guarda-chuva do p\u00e1tio com uma varinha, trabalhe metodicamente em cada fase. Ter todas as pe\u00e7as prontas antes de come\u00e7ar torna o processo mais suave e mais eficiente.<\/p>\n<ul>\n<li>Limpar e preparar o guarda-chuva, removendo os detritos e assegurando que est\u00e1 seco (<strong>2-3 minutos<\/strong>).<\/li>\n<li>Montar a haste da varinha ligando <strong>quatro<\/strong> tubagens e <strong>tr\u00eas<\/strong> conectores de pl\u00e1stico e, em seguida, coloque a tampa superior (<strong>2-3 minutos<\/strong>).<\/li>\n<li>Insira cuidadosamente a varinha montada no bolso superior ou na manga da capa (cerca de <strong>1 minuto<\/strong>).<\/li>\n<li>Posicione a cobertura uniformemente sobre a arma\u00e7\u00e3o do guarda-chuva, alinhando a ponta da cobertura com a ponta do guarda-chuva (<strong>1-2 minutos<\/strong>).<\/li>\n<li>Fixar a capa com um fecho de correr de cima para baixo ou apertando ligeiramente os cord\u00f5es (<strong>1-2 minutos<\/strong>).<\/li>\n<li>Inspecionar a cobertura para verificar se est\u00e1 completamente coberta, alisar as rugas e fazer pequenos ajustes (<strong>1 minuto<\/strong>).<\/li>\n<\/ul>\n<p>Uma vez instalada, verifique se a cobertura assenta uniformemente sem pontos de tens\u00e3o. Isto ajuda a manter a integridade do tecido ao longo do tempo e protege o guarda-chuva da exposi\u00e7\u00e3o aos raios UV e dos danos provocados pela humidade.<\/p>\n<h3>Prepara\u00e7\u00f5es e medi\u00e7\u00f5es cr\u00edticas<\/h3>\n<p>Antes de iniciar a instala\u00e7\u00e3o, o dimensionamento e a prepara\u00e7\u00e3o exactos garantem que a cobertura se adapta perfeitamente e funciona bem durante todo o ano. A sele\u00e7\u00e3o da cobertura com o tamanho certo evita o esticamento excessivo ou a flacidez, que reduzem a efici\u00eancia da prote\u00e7\u00e3o.<\/p>\n<ul>\n<li>Medir o di\u00e2metro do guarda-chuva de ponta a ponta quando aberto para confirmar a compatibilidade do tamanho.<\/li>\n<li>Contar o n\u00famero de nervuras na arma\u00e7\u00e3o do guarda-chuva - a maioria dos modelos cantilever tem <strong>8<\/strong> ou <strong>12<\/strong> costelas.<\/li>\n<li>Registar as dimens\u00f5es da cobertura (comprimento e largura) e compar\u00e1-las com a etiqueta do produto antes da compra.<\/li>\n<li>Utilize uma escova macia para limpar a cobertura e uma fita m\u00e9trica para efetuar medi\u00e7\u00f5es precisas antes da montagem.<\/li>\n<li>Opcional: Usar luvas para proteger as m\u00e3os da fric\u00e7\u00e3o durante a montagem da varinha.<\/li>\n<\/ul>\n<p>Na nossa experi\u00eancia na Patiofurnituresco, os clientes comerciais que dedicam tempo a medir com exatid\u00e3o obt\u00eam resultados mais duradouros com as coberturas de guarda-s\u00f3is que escolhem.<\/p>\n<h3>Erros comuns de instala\u00e7\u00e3o e como evit\u00e1-los<\/h3>\n<p>Uma instala\u00e7\u00e3o incorrecta pode encurtar a vida \u00fatil at\u00e9 da melhor cobertura de guarda-sol de p\u00e1tio. Estar atento a estes erros frequentes ajudar\u00e1 a manter a cobertura e o guarda-chuva em \u00f3ptimas condi\u00e7\u00f5es.<\/p>\n<ul>\n<li>\u26a0\ufe0f Evitar apertar demasiado os fechos de correr ou os cord\u00f5es, que podem esticar o tecido da cobertura e as articula\u00e7\u00f5es da arma\u00e7\u00e3o.<\/li>\n<li>\u26a0\ufe0f Nunca coloque a cobertura sobre um guarda-chuva molhado, uma vez que a humidade acumulada promove o crescimento de bolor e mofo.<\/li>\n<li>\u26a0\ufe0f Mantenha a varinha centrada no seu bolso para garantir uma suspens\u00e3o equilibrada e uma prote\u00e7\u00e3o uniforme.<\/li>\n<li>\u26a0\ufe0f Escolha uma cobertura que se adapte ao di\u00e2metro exato e ao n\u00famero de nervuras para evitar que a cobertura fique fl\u00e1cida ou incompleta.<\/li>\n<li>\u26a0\ufe0f Ap\u00f3s a instala\u00e7\u00e3o, guarde o guarda-chuva numa \u00e1rea seca para evitar o desgaste prematuro do tecido.<\/li>\n<\/ul>\n<p>A tomada destas precau\u00e7\u00f5es prolonga a vida \u00fatil do guarda-chuva e da sua cobertura, especialmente em climas h\u00famidos ou costeiros.<\/p>\n<p><img loading=\"lazy\" decoding=\"async\" class=\"aligncenter size-full wp-image-27588324\" src=\"https:\/\/patiofurnituresco.com\/wp-content\/uploads\/2025\/11\/secure-drawstring-toggle-on-patio-umbrella-cover-wind-protection.webp\" alt=\"\" width=\"1344\" height=\"756\" srcset=\"https:\/\/patiofurnituresco.com\/wp-content\/uploads\/2025\/11\/secure-drawstring-toggle-on-patio-umbrella-cover-wind-protection.webp 1344w, https:\/\/patiofurnituresco.com\/wp-content\/uploads\/2025\/11\/secure-drawstring-toggle-on-patio-umbrella-cover-wind-protection-1280x720.webp 1280w, https:\/\/patiofurnituresco.com\/wp-content\/uploads\/2025\/11\/secure-drawstring-toggle-on-patio-umbrella-cover-wind-protection-980x551.webp 980w, https:\/\/patiofurnituresco.com\/wp-content\/uploads\/2025\/11\/secure-drawstring-toggle-on-patio-umbrella-cover-wind-protection-480x270.webp 480w\" sizes=\"(min-width: 0px) and (max-width: 480px) 480px, (min-width: 481px) and (max-width: 980px) 980px, (min-width: 981px) and (max-width: 1280px) 1280px, (min-width: 1281px) 1344px, 100vw\" \/><\/p>\n<h3>Porque \u00e9 que o suporte da varinha \u00e9 essencial<\/h3>\n<p>A varinha n\u00e3o s\u00f3 facilita a instala\u00e7\u00e3o, como tamb\u00e9m desempenha um papel vital na manuten\u00e7\u00e3o da forma correta e eficaz da cobertura do guarda-sol do p\u00e1tio.<\/p>\n<ul>\n<li>A varinha ajuda a cobertura a manter a sua forma esticada, evitando a acumula\u00e7\u00e3o de \u00e1gua em pontos baixos.<\/li>\n<li>A inser\u00e7\u00e3o correta da varinha evita o peso extra da \u00e1gua retida que pode danificar as costuras.<\/li>\n<li>Uma varinha bem montada aumenta a durabilidade do tecido e da estrutura em caso de vento forte ou chuva.<\/li>\n<li>O alinhamento exato dos conectores garante um suporte consistente, simplificando a remo\u00e7\u00e3o e reinstala\u00e7\u00e3o da tampa.<\/li>\n<\/ul>\n<p>A manuten\u00e7\u00e3o da estabilidade da varinha permite que a cobertura proteja eficazmente contra os raios UV, o p\u00f3 e a humidade. Para uma prote\u00e7\u00e3o duradoura de n\u00edvel comercial, a combina\u00e7\u00e3o do design suportado pela varinha com um tecido de alta qualidade - como os oferecidos pela Patiofurnituresco - proporciona uma cobertura fi\u00e1vel esta\u00e7\u00e3o ap\u00f3s esta\u00e7\u00e3o.<\/p>\n<h2>Porque \u00e9 que precisa de uma cobertura para guarda-chuvas de p\u00e1tio para evitar danos causados pelo sol<\/h2>\n<blockquote style=\"border-left: 4px solid #fa8500; padding: 12px 18px; margin: 20px 0; background-color: #f9f9f9;\"><p>As coberturas para guarda-chuvas de p\u00e1tio protegem os guarda-chuvas do desvanecimento induzido pelos raios UV, dos danos provocados pela humidade e da degrada\u00e7\u00e3o do material. Estudos demonstram que os raios UV causam <strong>40%<\/strong> de desvanecimento, e a utiliza\u00e7\u00e3o de coberturas resistentes aos raios UV aumenta significativamente a vida \u00fatil dos guarda-chuvas, mantendo o seu aspeto.<\/p><\/blockquote>\n<p>Os guarda-chuvas de exterior podem perder a cor e a resist\u00eancia quando expostos \u00e0 luz solar constante e \u00e0s condi\u00e7\u00f5es climat\u00e9ricas. A utiliza\u00e7\u00e3o de uma cobertura para guarda-chuvas de p\u00e1tio dedicada mant\u00e9m os materiais a salvo dos danos causados pelos raios UV, da acumula\u00e7\u00e3o de humidade e de temperaturas extremas.<\/p>\n<h3>Como os danos causados pelo sol afectam os guarda-s\u00f3is de p\u00e1tio<\/h3>\n<p>A exposi\u00e7\u00e3o constante \u00e0 radia\u00e7\u00e3o solar enfraquece a maioria dos t\u00eaxteis de exterior. Mesmo os tecidos de qualidade superior deterioram-se mais rapidamente sem uma prote\u00e7\u00e3o adequada.<\/p>\n<ul>\n<li>\u2600\ufe0f A exposi\u00e7\u00e3o direta aos raios UV causa cerca de <strong>40%<\/strong> do desbotamento do tecido do guarda-chuva e da fragilidade do material.<\/li>\n<li>\ud83c\udf24\ufe0f Os raios UV difusos penetram nas zonas de sombra a cerca de <strong>60%<\/strong> intensidade por volta do meio-dia, provocando danos ocultos ao longo do tempo.<\/li>\n<li>\u2744\ufe0f As superf\u00edcies reflectoras, como a neve, aumentam o risco de exposi\u00e7\u00e3o aos raios UV at\u00e9 <strong>94%<\/strong>, acelerando a oxida\u00e7\u00e3o e o desvanecimento da superf\u00edcie.<\/li>\n<li>Sem uma cobertura, a humidade retida promove o bolor e o mofo, tornando-se um fator de deteriora\u00e7\u00e3o a longo prazo.<\/li>\n<\/ul>\n<p>De acordo com a nossa experi\u00eancia, s\u00e3o necess\u00e1rios muitos guarda-chuvas de substitui\u00e7\u00e3o devido a esta exposi\u00e7\u00e3o desprotegida - e n\u00e3o a uma falha mec\u00e2nica.<\/p>\n<h3>Materiais e carater\u00edsticas que previnem os danos causados pelo sol<\/h3>\n<p>A escolha do material correto tem um impacto direto na capacidade da sua cobertura para bloquear os raios UV e resistir \u00e0 humidade. Nem todos os materiais t\u00eam o mesmo desempenho em climas diferentes.<\/p>\n<ul>\n<li>\u2705 <strong>Tecido Sunbrella<\/strong> proporciona uma prote\u00e7\u00e3o UV de topo, repel\u00eancia \u00e0 \u00e1gua e durabilidade para guarda-chuvas de qualidade superior.<\/li>\n<li>\u2705 <strong>Coberturas em poli\u00e9ster<\/strong> oferecem uma prote\u00e7\u00e3o UV fi\u00e1vel e resist\u00eancia \u00e0 \u00e1gua, tornando-os pr\u00e1ticos para a utiliza\u00e7\u00e3o di\u00e1ria no exterior.<\/li>\n<li>\u26a0\ufe0f <strong>Fibras acr\u00edlicas<\/strong> ret\u00eam bem a cor, mas s\u00e3o mais adequados para toldos de guarda-chuvas do que para coberturas de prote\u00e7\u00e3o.<\/li>\n<li>Para uma maior longevidade, procure modelos com revestimentos resistentes aos raios UV, padr\u00f5es de trama respir\u00e1veis e elementos \u00e0 prova de vento, como cord\u00f5es ou fivelas.<\/li>\n<\/ul>\n<h3>Benef\u00edcios de manuten\u00e7\u00e3o e longevidade da utiliza\u00e7\u00e3o de coberturas<\/h3>\n<p>Utilizar a melhor cobertura para guarda-s\u00f3is de p\u00e1tio faz mais do que evitar o desvanecimento - prolonga a vida \u00fatil do produto e reduz o custo total de propriedade.<\/p>\n<ul>\n<li>As coberturas de alta qualidade prolongam a vida \u00fatil do guarda-chuva <strong>3 a 5 anos<\/strong> em m\u00e9dia.<\/li>\n<li>O ajuste adequado, o tecido respir\u00e1vel e os fechos seguros proporcionam uma veda\u00e7\u00e3o apertada que mant\u00e9m o p\u00f3 e a humidade afastados.<\/li>\n<li>A inspe\u00e7\u00e3o de rotina, a limpeza suave e o armazenamento a seco evitam o bolor e reduzem a fadiga do tecido.<\/li>\n<li>\ud83d\udcb0 Investir <strong>$30-$150<\/strong> numa boa cobertura pode salvar <strong>$200-$800<\/strong> em despesas de substitui\u00e7\u00e3o prematura de guarda-chuvas.<\/li>\n<\/ul>\n<p>Para os compradores comerciais, este pequeno passo preventivo diminui significativamente a frequ\u00eancia e o custo da manuten\u00e7\u00e3o em v\u00e1rias unidades exteriores.<\/p>\n<h3>Equ\u00edvocos comuns sobre a prote\u00e7\u00e3o do guarda-chuva<\/h3>\n<p>Muitos utilizadores subestimam o alcance do sol e pensam que o armazenamento no interior ou \u00e0 sombra elimina a necessidade de coberturas. A realidade \u00e9 diferente.<\/p>\n<ul>\n<li>\u26a0\ufe0f A suposi\u00e7\u00e3o de que o armazenamento no interior elimina o risco n\u00e3o tem em conta a humidade e o bolor que podem danificar os guarda-chuvas fechados.<\/li>\n<li>\u2601\ufe0f Os raios UV difusos e reflectidos podem continuar a desbotar os materiais, mesmo quando os guarda-chuvas permanecem \u00e0 sombra ou fora da esta\u00e7\u00e3o ao ar livre.<\/li>\n<li>As coberturas b\u00e1sicas resistentes \u00e0 \u00e1gua sem revestimentos UV n\u00e3o evitam a degrada\u00e7\u00e3o profunda da fibra ou a perda de cor.<\/li>\n<li>A combina\u00e7\u00e3o de um tecido resistente aos raios UV, como o Sunbrella, com uma manuten\u00e7\u00e3o consistente garante uma prote\u00e7\u00e3o duradoura.<\/li>\n<\/ul>\n<p>Na nossa experi\u00eancia na Patiofurnituresco, os clientes que adoptam estas pr\u00e1ticas de cobertura reduzem a sua taxa de substitui\u00e7\u00e3o em mais de <strong>40%<\/strong>, protegendo tanto a apar\u00eancia como o investimento a longo prazo.<\/p>\n<div style=\"background: #fa8500; border-radius: 8px; padding: 35px; margin: 40px 0; display: flex; flex-wrap: wrap; align-items: center; justify-content: space-between; gap: 30px; box-shadow: 0 4px 15px rgba(156, 19, 25, 0.15);\">\n<div style=\"flex: 1 1 350px; min-width: 300px;\">\n<h2 style=\"margin-top: 0; color: #ffffff; font-size: 26px; font-weight: bold; line-height: 1.3;\">Eleve os seus espa\u00e7os exteriores com solu\u00e7\u00f5es de sombreamento comerciais personalizadas<\/h2>\n<p style=\"font-size: 16px; color: #f0f0f0; line-height: 1.6; margin: 15px 0 25px 0; opacity: 0.95;\">Fa\u00e7a parceria diretamente com um fabricante de confian\u00e7a que oferece produtos duradouros e inovadores <a href=\"https:\/\/patiofurnituresco.com\/pt\/guarda-sois-de-mercado-vs-guarda-sois-de-patio-escolhendo-solucoes-de-sombra\/\" data-wpil-monitor-id=\"108\">guarda-chuvas de p\u00e1tio concebidos para os mercados mundiais<\/a> e MOQ de baixo risco. Obtenha personaliza\u00e7\u00e3o especializada e log\u00edstica fi\u00e1vel para dar vida aos seus projectos de exterior de marca com confian\u00e7a.<\/p>\n<p><a style=\"display: inline-block; background: #FFFFFF; color: #fa8500; padding: 12px 24px; font-family: 'Rubik', sans-serif; font-weight: bold; font-size: 16px; border-radius: 4px; text-decoration: none; transition: all 0.3s ease; box-shadow: 0 2px 5px rgba(0,0,0,0.1);\" href=\"https:\/\/patiofurnituresco.com\/pt\/fabricante-de-guarda-sois-para-patios\/\" target=\"_blank\" rel=\"noopener\"> Inicie o seu projeto personalizado \u2192 <\/a><\/p>\n<\/div>\n<div style=\"flex: 0 1 300px; min-width: 250px; text-align: center;\"><img decoding=\"async\" style=\"width: 100%; max-width: 300px; height: auto; border-radius: 6px; box-shadow: 0 4px 10px rgba(0,0,0,0.2); object-fit: cover;\" src=\"https:\/\/patiofurnituresco.com\/wp-content\/uploads\/2025\/09\/solar-lighted-umbrella4-1.webp\" alt=\"Guarda-chuva de p\u00e1tio com ilumina\u00e7\u00e3o solar que apresenta uma solu\u00e7\u00e3o comercial de sombra exterior\" \/><\/div>\n<\/div>\n<h2>Materiais e durabilidade: O que procurar numa cobertura de guarda-chuva<\/h2>\n<blockquote style=\"border-left: 4px solid #fa8500; padding: 12px 18px; margin: 20px 0; background-color: #f9f9f9;\"><p>O acr\u00edlico tingido com solu\u00e7\u00e3o destaca-se como o material de cobertura de guarda-chuvas mais duradouro para utiliza\u00e7\u00e3o no exterior a longo prazo, com uma dura\u00e7\u00e3o de cerca de <strong>30%<\/strong> mais tempo do que o poli\u00e9ster e mant\u00e9m a cor ap\u00f3s mais de <strong>1.000 horas<\/strong> de exposi\u00e7\u00e3o aos raios UV. A olefina oferece uma resist\u00eancia superior \u00e0 \u00e1gua e uma secagem r\u00e1pida, ideal para climas h\u00famidos ou chuvosos, enquanto o poli\u00e9ster proporciona uma op\u00e7\u00e3o econ\u00f3mica com uma boa prote\u00e7\u00e3o UV.<\/p><\/blockquote>\n<p>In our experience manufacturing contract-grade patio umbrellas for commercial clients, material choice is directly tied to performance and lifespan. The best patio umbrella cover material should resist UV degradation, color fading, and water damage. Here&#8217;s how the top materials compare.<\/p>\n<h3>Compara\u00e7\u00e3o do desempenho do material<\/h3>\n<table style=\"width: 100%; border-collapse: collapse; margin: 20px 0;\">\n<thead style=\"background: #9C1319; color: #ffffff;\">\n<tr>\n<th style=\"padding: 15px; border: 1px solid #ddd;\">Material<\/th>\n<th style=\"padding: 15px; border: 1px solid #ddd;\">Prote\u00e7\u00e3o UV<\/th>\n<th style=\"padding: 15px; border: 1px solid #ddd;\">Horas de durabilidade<\/th>\n<th style=\"padding: 15px; border: 1px solid #ddd;\">Resist\u00eancia ao desbotamento<\/th>\n<th style=\"padding: 15px; border: 1px solid #ddd;\">Resist\u00eancia \u00e0 \u00e1gua<\/th>\n<th style=\"padding: 15px; border: 1px solid #ddd;\">N\u00edvel de custos<\/th>\n<th style=\"padding: 15px; border: 1px solid #ddd;\">Tempo de vida<\/th>\n<\/tr>\n<\/thead>\n<tbody>\n<tr>\n<td style=\"padding: 15px; border: 1px solid #ddd;\">Acr\u00edlico tingido com solu\u00e7\u00e3o<\/td>\n<td style=\"padding: 15px; border: 1px solid #ddd;\"><strong>98%<\/strong> (UPF 40+)<\/td>\n<td style=\"padding: 15px; border: 1px solid #ddd;\"><strong>1,000+<\/strong> horas<\/td>\n<td style=\"padding: 15px; border: 1px solid #ddd;\">\u2705 Excelente<\/td>\n<td style=\"padding: 15px; border: 1px solid #ddd;\">\u2705 Bom<\/td>\n<td style=\"padding: 15px; border: 1px solid #ddd;\">\ud83d\udcb0 Premium<\/td>\n<td style=\"padding: 15px; border: 1px solid #ddd;\"><strong>8-10<\/strong> anos<\/td>\n<\/tr>\n<tr>\n<td style=\"padding: 15px; border: 1px solid #ddd;\">Poli\u00e9ster tingido em solu\u00e7\u00e3o (Terylast)<\/td>\n<td style=\"padding: 15px; border: 1px solid #ddd;\"><strong>98%<\/strong><\/td>\n<td style=\"padding: 15px; border: 1px solid #ddd;\"><strong>600<\/strong> horas<\/td>\n<td style=\"padding: 15px; border: 1px solid #ddd;\">\u2705 Bom<\/td>\n<td style=\"padding: 15px; border: 1px solid #ddd;\">\u2705 Bom<\/td>\n<td style=\"padding: 15px; border: 1px solid #ddd;\">Econ\u00f3mico<\/td>\n<td style=\"padding: 15px; border: 1px solid #ddd;\"><strong>1-3<\/strong> anos<\/td>\n<\/tr>\n<tr>\n<td style=\"padding: 15px; border: 1px solid #ddd;\">Olefina (Texsilk)<\/td>\n<td style=\"padding: 15px; border: 1px solid #ddd;\">UPF <strong>80<\/strong><\/td>\n<td style=\"padding: 15px; border: 1px solid #ddd;\">Alto<\/td>\n<td style=\"padding: 15px; border: 1px solid #ddd;\">\u2705 Bom<\/td>\n<td style=\"padding: 15px; border: 1px solid #ddd;\">\u2705 Excelente<\/td>\n<td style=\"padding: 15px; border: 1px solid #ddd;\">Gama m\u00e9dia<\/td>\n<td style=\"padding: 15px; border: 1px solid #ddd;\"><strong>5-7<\/strong> anos<\/td>\n<\/tr>\n<tr>\n<td style=\"padding: 15px; border: 1px solid #ddd;\">\u26a0\ufe0f Poli\u00e9ster padr\u00e3o<\/td>\n<td style=\"padding: 15px; border: 1px solid #ddd;\">Moderado<\/td>\n<td style=\"padding: 15px; border: 1px solid #ddd;\"><strong>600<\/strong> horas<\/td>\n<td style=\"padding: 15px; border: 1px solid #ddd;\">Desaparece mais depressa<\/td>\n<td style=\"padding: 15px; border: 1px solid #ddd;\">\u26a0\ufe0f Moderado<\/td>\n<td style=\"padding: 15px; border: 1px solid #ddd;\">\ud83d\udcb0 Baixo<\/td>\n<td style=\"padding: 15px; border: 1px solid #ddd;\"><strong>1-3<\/strong> anos<\/td>\n<\/tr>\n<tr>\n<td style=\"padding: 15px; border: 1px solid #ddd;\">Poli\u00e9ster revestido a PVC (Vinil)<\/td>\n<td style=\"padding: 15px; border: 1px solid #ddd;\">Bom<\/td>\n<td style=\"padding: 15px; border: 1px solid #ddd;\">Moderado<\/td>\n<td style=\"padding: 15px; border: 1px solid #ddd;\">\u2705 Bom<\/td>\n<td style=\"padding: 15px; border: 1px solid #ddd;\">\u2705 Excelente<\/td>\n<td style=\"padding: 15px; border: 1px solid #ddd;\">Gama m\u00e9dia<\/td>\n<td style=\"padding: 15px; border: 1px solid #ddd;\"><strong>3-5<\/strong> anos<\/td>\n<\/tr>\n<\/tbody>\n<\/table>\n<h3>Compreender as carater\u00edsticas e a adequa\u00e7\u00e3o dos materiais<\/h3>\n<p>Cada tipo de tecido oferece carater\u00edsticas de desempenho distintas que se adaptam a diferentes climas e casos de utiliza\u00e7\u00e3o. O acr\u00edlico tingido em solu\u00e7\u00e3o continua a ser a refer\u00eancia para aplica\u00e7\u00f5es de luxo, enquanto a olefina e o vinil s\u00e3o alternativas fortes em ambientes espec\u00edficos.<\/p>\n<ul>\n<li>\u2705 <strong>Acr\u00edlico tingido com solu\u00e7\u00e3o:<\/strong> Inclui estabilizadores de UV e corantes de cor fixa em todas as fibras; respir\u00e1vel e resistente ao bolor; ideal para sol intenso, mas tem um custo mais elevado.<\/li>\n<li>\u2705 <strong>Olefina:<\/strong> Proporciona UPF <strong>80<\/strong> prote\u00e7\u00e3o, secagem r\u00e1pida e resist\u00eancia ao bolor; tem um desempenho excecional em zonas h\u00famidas ou costeiras, embora tenha uma textura ligeiramente mais \u00e1spera.<\/li>\n<li>\u2705 <strong>Poli\u00e9ster tingido em solu\u00e7\u00e3o (Terylast):<\/strong> Um material acess\u00edvel com uma forte prote\u00e7\u00e3o contra os raios UV e o desvanecimento, apoiado por uma <strong>10 anos<\/strong> garantia limitada, ideal para climas moderados.<\/li>\n<li>\u26a0\ufe0f <strong>Poli\u00e9ster revestido a PVC (Vinil):<\/strong> Oferece uma impermeabiliza\u00e7\u00e3o total para chuva intensa, mas reduz a respirabilidade e pode tornar-se quebradi\u00e7o sob exposi\u00e7\u00e3o prolongada ao sol.<\/li>\n<\/ul>\n<h3>Conceitos errados comuns e sugest\u00f5es de manuten\u00e7\u00e3o<\/h3>\n<p>Os compradores assumem frequentemente que todas as coberturas de poli\u00e9ster ou acr\u00edlico t\u00eam o mesmo desempenho, o que pode levar a um desgaste prematuro. Compreender as diferen\u00e7as entre os materiais e aplicar os cuidados adequados pode prolongar a vida \u00fatil da cobertura durante anos.<\/p>\n<ul>\n<li>\ud83d\udca1 <strong>Nem todos os poli\u00e9steres s\u00e3o iguais:<\/strong> As vers\u00f5es tingidas em solu\u00e7\u00e3o, como a Terylast, ultrapassam o poli\u00e9ster normal por uma larga margem, tanto em termos de estabilidade da cor como de resist\u00eancia \u00e0 tra\u00e7\u00e3o.<\/li>\n<li>\ud83d\udca1 <strong>Acrylic isn&#8217;t fully waterproof:<\/strong> Embora sejam resistentes \u00e0 \u00e1gua, materiais como a olefina e o vinil conseguem uma melhor repel\u00eancia em caso de exposi\u00e7\u00e3o \u00e0 chuva intensa.<\/li>\n<li>\u2705 <strong>O valor sobre o pre\u00e7o:<\/strong> A olefina fornece cerca de <strong>80%<\/strong> do desempenho do acr\u00edlico a cerca de metade do custo, equilibrando a qualidade e o or\u00e7amento.<\/li>\n<li>\ud83d\ude80 <strong>Prolongar a vida \u00fatil:<\/strong> Uma limpeza suave e a secagem das coberturas acr\u00edlicas ap\u00f3s a chuva podem acrescentar <strong>2\u20133 anos<\/strong> para a sua vida \u00fatil.<\/li>\n<li>\u26a0\ufe0f <strong>A resist\u00eancia qu\u00edmica \u00e9 vari\u00e1vel:<\/strong> A olefina e o vinil toleram agentes de limpeza mais fortes, enquanto o acr\u00edlico deve evitar solu\u00e7\u00f5es \u00e0 base de lix\u00edvia.<\/li>\n<\/ul>\n<p>Para os compradores que procuram o melhor material para a cobertura de guarda-s\u00f3is de p\u00e1tio, a escolha certa depende das condi\u00e7\u00f5es locais, dos h\u00e1bitos de manuten\u00e7\u00e3o e dos objectivos de longevidade. Investir num tecido de alta qualidade, como o acr\u00edlico tingido com solu\u00e7\u00e3o ou a olefina, garante uma prote\u00e7\u00e3o a longo prazo e um melhor retorno do investimento, tanto em ambientes residenciais como comerciais.<\/p>\n<p><img loading=\"lazy\" decoding=\"async\" class=\"aligncenter size-full wp-image-27588325\" src=\"https:\/\/patiofurnituresco.com\/wp-content\/uploads\/2025\/11\/patio-umbrella-cover-with-reinforced-handle-for-easy-removal.webp\" alt=\"\" width=\"1344\" height=\"756\" srcset=\"https:\/\/patiofurnituresco.com\/wp-content\/uploads\/2025\/11\/patio-umbrella-cover-with-reinforced-handle-for-easy-removal.webp 1344w, https:\/\/patiofurnituresco.com\/wp-content\/uploads\/2025\/11\/patio-umbrella-cover-with-reinforced-handle-for-easy-removal-1280x720.webp 1280w, https:\/\/patiofurnituresco.com\/wp-content\/uploads\/2025\/11\/patio-umbrella-cover-with-reinforced-handle-for-easy-removal-980x551.webp 980w, https:\/\/patiofurnituresco.com\/wp-content\/uploads\/2025\/11\/patio-umbrella-cover-with-reinforced-handle-for-easy-removal-480x270.webp 480w\" sizes=\"(min-width: 0px) and (max-width: 480px) 480px, (min-width: 481px) and (max-width: 980px) 980px, (min-width: 981px) and (max-width: 1280px) 1280px, (min-width: 1281px) 1344px, 100vw\" \/><\/p>\n<h2>Conselhos de manuten\u00e7\u00e3o para prolongar a vida \u00fatil da cobertura do seu guarda-sol de p\u00e1tio<\/h2>\n<blockquote style=\"border-left: 4px solid #fa8500; padding: 12px 18px; margin: 20px 0; background-color: #f9f9f9;\"><p>A limpeza mensal regular, o armazenamento adequado fora de \u00e9poca e os tratamentos preventivos contra o bolor e os danos causados pelos raios UV s\u00e3o essenciais para prolongar a vida \u00fatil da sua cobertura de guarda-sol. A combina\u00e7\u00e3o da manuten\u00e7\u00e3o de rotina com a prote\u00e7\u00e3o estrat\u00e9gica pode aumentar significativamente a durabilidade.<\/p><\/blockquote>\n<p>Mesmo os melhores <a href=\"https:\/\/patiofurnituresco.com\/pt\/guarda-sois-para-patios-selecao-de-sombras-duraveis-2025\/\" data-wpil-monitor-id=\"106\">guarda-sol<\/a> A cobertura precisa de cuidados regulares para se manter nas melhores condi\u00e7\u00f5es. De acordo com a nossa experi\u00eancia, seguir um plano de limpeza e prote\u00e7\u00e3o consistente ajuda as empresas e os propriet\u00e1rios a obterem mais anos de utiliza\u00e7\u00e3o do seu investimento.<\/p>\n<h3>Etapas da limpeza mensal e sazonal<\/h3>\n<p>Limpar a cobertura do guarda-chuva do p\u00e1tio com regularidade evita a acumula\u00e7\u00e3o de sujidade que enfraquece o tecido ao longo do tempo. Uma manuten\u00e7\u00e3o r\u00e1pida todos os meses evita que a sujidade e os res\u00edduos se transformem em manchas permanentes.<\/p>\n<ul>\n<li>Utilize mensalmente uma escova de cerdas macias para remover o p\u00f3, as folhas e os detritos soltos.<\/li>\n<li>Efectue uma limpeza pontual, conforme necess\u00e1rio, com sab\u00e3o neutro e um pano macio para esfregar suavemente.<\/li>\n<li>Efetuar uma limpeza profunda ou deixar de molho sazonalmente com \u00e1gua morna e sab\u00e3o para <strong>15 minutos<\/strong>, e depois enxaguar abundantemente.<\/li>\n<li>Secar completamente ao ar livre ap\u00f3s a limpeza numa \u00e1rea ensolarada e bem ventilada antes de guardar.<\/li>\n<\/ul>\n<p>Uma rotina consistente a cada <strong>4 semanas<\/strong> ajuda a evitar a forma\u00e7\u00e3o de bolor e a rigidez do tecido, prolongando a vida \u00fatil da cobertura do guarda-chuva.<\/p>\n<h3>Prevenir o bolor, o mofo e os danos causados pelos raios UV<\/h3>\n<p>A exposi\u00e7\u00e3o ambiental \u00e9 uma das principais raz\u00f5es pelas quais as coberturas dos guarda-chuvas envelhecem prematuramente. A humidade e a luz solar prolongada enfraquecem os revestimentos e favorecem o crescimento de bact\u00e9rias.<\/p>\n<ul>\n<li>\u26a0\ufe0f Abra sempre o guarda-chuva completamente ap\u00f3s a utiliza\u00e7\u00e3o e retire a \u00e1gua acumulada para minimizar o risco de bolor.<\/li>\n<li>\u26a0\ufe0f Se aparecer bolor, tratar imediatamente com uma solu\u00e7\u00e3o de lix\u00edvia dilu\u00edda aplicada com uma escova macia.<\/li>\n<li>Utilizar sprays de prote\u00e7\u00e3o UV ou coberturas feitas de tecidos resistentes aos raios UV para reduzir o desbotamento.<\/li>\n<li>Evite utilizar produtos qu\u00edmicos agressivos como amon\u00edaco ou lix\u00edvia concentrada para a limpeza geral, uma vez que estes danificam os revestimentos protectores.<\/li>\n<\/ul>\n<p>Aplicar prote\u00e7\u00e3o UV todos os dias <strong>6 meses<\/strong> pode melhorar a reten\u00e7\u00e3o da cor at\u00e9 <strong>30%<\/strong> ao longo do tempo.<\/p>\n<h3>Armazenamento adequado e cuidados espec\u00edficos com o material<\/h3>\n<p>Um armazenamento correto evita o desgaste f\u00edsico, o bolor e o stress do material durante a \u00e9poca baixa. Cada parte do guarda-chuva beneficia de cuidados espec\u00edficos.<\/p>\n<ul>\n<li>Guardar as capas num local fresco e seco, utilizando capas respir\u00e1veis que permitam a circula\u00e7\u00e3o do ar.<\/li>\n<li>Para tecidos de lona ou acr\u00edlico, utilizar produtos de limpeza de tecidos para exteriores para preservar os revestimentos UV.<\/li>\n<li>Aplique regularmente selantes para madeira ou \u00f3leo para deck nos postes de madeira para evitar fissuras e apodrecimento.<\/li>\n<li>Limpar as arma\u00e7\u00f5es de metal com um pano h\u00famido e secar bem para evitar a forma\u00e7\u00e3o de ferrugem.<\/li>\n<li>\u26a0\ufe0f Inspeccione mensalmente se existem rasg\u00f5es, ferrugem ou costuras soltas e repare-as imediatamente para evitar substitui\u00e7\u00f5es dispendiosas.<\/li>\n<\/ul>\n<p>Seguir estes passos mant\u00e9m todos os componentes do guarda-chuva em condi\u00e7\u00f5es de funcionamento, especialmente quando armazenados durante mais de <strong>3 meses<\/strong>.<\/p>\n<h3>Equ\u00edvocos comuns sobre a manuten\u00e7\u00e3o da cobertura do guarda-chuva do p\u00e1tio<\/h3>\n<p>Muitos utilizadores reduzem, sem saber, a vida \u00fatil da sua cobertura de guarda-chuva devido a h\u00e1bitos de limpeza incorrectos. Eis alguns equ\u00edvocos generalizados que vemos frequentemente.<\/p>\n<ul>\n<li>A lavagem na m\u00e1quina danifica os tecidos ou revestidos - opte sempre pela lavagem \u00e0 m\u00e3o.<\/li>\n<li>A lix\u00edvia n\u00e3o deve ser utilizada regularmente; retira os revestimentos e pode anular as garantias. Utilize apenas solu\u00e7\u00f5es dilu\u00eddas para manchas dif\u00edceis de bolor.<\/li>\n<li>\u26a0\ufe0f A secagem de coberturas em \u00e1reas sombreadas retarda a evapora\u00e7\u00e3o e pode causar bolor. A secagem ao ar livre, em condi\u00e7\u00f5es ensolaradas e arejadas, evita mais eficazmente a acumula\u00e7\u00e3o de humidade.<\/li>\n<\/ul>\n<p>Pequenos erros de limpeza podem reduzir a vida \u00fatil em at\u00e9 <strong>2 anos<\/strong>, tornando os processos de manuten\u00e7\u00e3o corretos cruciais para a durabilidade a longo prazo.<\/p>\n<p><img loading=\"lazy\" decoding=\"async\" class=\"aligncenter size-full wp-image-27588326\" src=\"https:\/\/patiofurnituresco.com\/wp-content\/uploads\/2025\/11\/weatherproof-patio-umbrella-cover-fitted-on-closed-parasol.webp\" alt=\"\" width=\"1344\" height=\"756\" srcset=\"https:\/\/patiofurnituresco.com\/wp-content\/uploads\/2025\/11\/weatherproof-patio-umbrella-cover-fitted-on-closed-parasol.webp 1344w, https:\/\/patiofurnituresco.com\/wp-content\/uploads\/2025\/11\/weatherproof-patio-umbrella-cover-fitted-on-closed-parasol-1280x720.webp 1280w, https:\/\/patiofurnituresco.com\/wp-content\/uploads\/2025\/11\/weatherproof-patio-umbrella-cover-fitted-on-closed-parasol-980x551.webp 980w, https:\/\/patiofurnituresco.com\/wp-content\/uploads\/2025\/11\/weatherproof-patio-umbrella-cover-fitted-on-closed-parasol-480x270.webp 480w\" sizes=\"(min-width: 0px) and (max-width: 480px) 480px, (min-width: 481px) and (max-width: 980px) 980px, (min-width: 981px) and (max-width: 1280px) 1280px, (min-width: 1281px) 1344px, 100vw\" \/><\/p>\n<h3>Tempo de vida \u00fatil previsto com uma manuten\u00e7\u00e3o adequada<\/h3>\n<p>Com uma manuten\u00e7\u00e3o consistente - escovagem mensal, limpeza pontual e armazenamento protetor - as coberturas para guarda-chuvas de p\u00e1tio podem durar entre <strong>5<\/strong> e <strong>7 anos<\/strong>, por vezes mais longo em climas amenos.<\/p>\n<p>Negligenciar estes passos conduz frequentemente a fissuras provocadas pelos raios UV, bolor e sujidade incrustada, reduzindo a vida funcional a apenas <strong>2\u20133 anos<\/strong>. Dedicar algumas horas em cada esta\u00e7\u00e3o ajuda a salvaguardar o seu investimento na melhor cobertura para guarda-s\u00f3is de p\u00e1tio para os pr\u00f3ximos anos.<\/p>\n<h2>Perguntas frequentes sobre as coberturas para guarda-chuvas de p\u00e1tio<\/h2>\n<div class=\"faq-container\" style=\"margin-top: 20px;\">\n<details class=\"faq-item\" style=\"margin-bottom: 15px; border: 1px solid #e5e5e5; border-radius: 5px; padding: 15px; background-color: #fff;\">\n<summary style=\"font-size: 18px; color: #fa8500; font-weight: 600; cursor: pointer;\">Preciso mesmo de uma cobertura para guarda-chuvas de p\u00e1tio?<\/summary>\n<div class=\"faq-content\" style=\"margin-top: 12px; color: #333; line-height: 1.6;\">\n<p>Sim, mesmo os guarda-chuvas de qualidade contratual beneficiam de uma cobertura. A exposi\u00e7\u00e3o prolongada aos raios UV, \u00e0 chuva e ao p\u00f3 pode degradar o tecido da cobertura e desvanecer as cores mais rapidamente. Uma cobertura bem ajustada actua como uma barreira, ajudando o seu guarda-chuva a manter o seu aspeto original durante anos.<\/p>\n<p>De acordo com a nossa experi\u00eancia na produ\u00e7\u00e3o de milhares de guarda-chuvas de exterior para clientes do sector hoteleiro, uma cobertura de qualidade pode reduzir os danos causados pelo sol at\u00e9 <strong>40%<\/strong> e prolongar a vida \u00fatil do tecido em mais <strong>2\u20133 anos<\/strong> em m\u00e9dia.<\/p>\n<\/div>\n<\/details>\n<details class=\"faq-item\" style=\"margin-bottom: 15px; border: 1px solid #e5e5e5; border-radius: 5px; padding: 15px; background-color: #fff;\">\n<summary style=\"font-size: 18px; color: #fa8500; font-weight: 600; cursor: pointer;\">Posso deixar o meu guarda-sol no exterior durante o inverno?<\/summary>\n<div class=\"faq-content\" style=\"margin-top: 12px; color: #333; line-height: 1.6;\">\n<p>Deixar um guarda-chuva ao ar livre durante o inverno n\u00e3o \u00e9 o ideal. A chuva gelada, a neve e os ventos fortes podem deformar a estrutura ou provocar o crescimento de bolor na cobertura. Mesmo a melhor cobertura de guarda-chuva de p\u00e1tio oferece uma prote\u00e7\u00e3o limitada contra o frio extremo e a humidade se o guarda-chuva permanecer aberto ou parcialmente h\u00famido.<\/p>\n<p>Para uma prote\u00e7\u00e3o total, feche, seque e cubra o guarda-chuva antes de o guardar no interior ou numa \u00e1rea abrigada. Este simples passo evita a corros\u00e3o e impede que o tecido se torne quebradi\u00e7o com o tempo.<\/p>\n<\/div>\n<\/details>\n<details class=\"faq-item\" style=\"margin-bottom: 15px; border: 1px solid #e5e5e5; border-radius: 5px; padding: 15px; background-color: #fff;\">\n<summary style=\"font-size: 18px; color: #fa8500; font-weight: 600; cursor: pointer;\">Como \u00e9 que se mede uma capa de guarda-chuva?<\/summary>\n<div class=\"faq-content\" style=\"margin-top: 12px; color: #333; line-height: 1.6;\">\n<p>A medi\u00e7\u00e3o garante um ajuste adequado que n\u00e3o ret\u00e9m a humidade nem se desprende com o vento. Utilize uma fita m\u00e9trica para registar:<\/p>\n<ul style=\"margin-top: 10px; margin-bottom: 10px;\">\n<li>A altura total desde o topo da cobertura at\u00e9 \u00e0 base do poste.<\/li>\n<li>A largura do guarda-chuva quando fechado (normalmente no seu ponto mais largo junto \u00e0s costelas).<\/li>\n<li>\ud83d\udca1 Adicione um extra <strong>1-2 polegadas<\/strong> para facilitar a remo\u00e7\u00e3o e a ventila\u00e7\u00e3o.<\/li>\n<\/ul>\n<p>A Patiofurnituresco recomenda frequentemente coberturas ligeiramente c\u00f3nicas que se ajustam bem ao topo e se alargam em dire\u00e7\u00e3o \u00e0 base para permitir o fluxo de ar e evitar a acumula\u00e7\u00e3o de \u00e1gua.<\/p>\n<\/div>\n<\/details>\n<details class=\"faq-item\" style=\"margin-bottom: 15px; border: 1px solid #e5e5e5; border-radius: 5px; padding: 15px; background-color: #fff;\">\n<summary style=\"font-size: 18px; color: #fa8500; font-weight: 600; cursor: pointer;\">Qual \u00e9 o material de cobertura mais duradouro?<\/summary>\n<div class=\"faq-content\" style=\"margin-top: 12px; color: #333; line-height: 1.6;\">\n<p>A durabilidade depende da densidade do tecido e do revestimento. As coberturas mais resistentes combinam poli\u00e9ster resistente ou acr\u00edlico tingido com um suporte de PU ou PVC \u00e0 prova de \u00e1gua. Estas resistem muito melhor \u00e0 chuva, \u00e0 exposi\u00e7\u00e3o aos raios UV e ao bolor do que o vinil normal.<\/p>\n<table style=\"width: 100%; border-collapse: collapse; margin: 20px 0;\">\n<thead style=\"background: #9C1319; color: #ffffff;\">\n<tr>\n<td style=\"padding: 15px; border: 1px solid #ddd;\">Material<\/td>\n<td style=\"padding: 15px; border: 1px solid #ddd;\">Desempenho<\/td>\n<td style=\"padding: 15px; border: 1px solid #ddd;\">Durabilidade<\/td>\n<\/tr>\n<\/thead>\n<tbody>\n<tr>\n<td style=\"padding: 15px; border: 1px solid #ddd;\">Acr\u00edlico tingido com solu\u00e7\u00e3o<\/td>\n<td style=\"padding: 15px; border: 1px solid #ddd;\">Excelente resist\u00eancia aos raios UV e ao desvanecimento<\/td>\n<td style=\"padding: 15px; border: 1px solid #ddd;\"><strong>5 a 7 anos<\/strong><\/td>\n<\/tr>\n<tr>\n<td style=\"padding: 15px; border: 1px solid #ddd;\">Poli\u00e9ster pesado (revestido a PU)<\/td>\n<td style=\"padding: 15px; border: 1px solid #ddd;\">Resistente \u00e0 \u00e1gua e ao bolor<\/td>\n<td style=\"padding: 15px; border: 1px solid #ddd;\"><strong>3 a 5 anos<\/strong><\/td>\n<\/tr>\n<tr>\n<td style=\"padding: 15px; border: 1px solid #ddd;\">Vinil b\u00e1sico<\/td>\n<td style=\"padding: 15px; border: 1px solid #ddd;\">Propenso a rachar com o tempo frio<\/td>\n<td style=\"padding: 15px; border: 1px solid #ddd;\"><strong>1\u20132 anos<\/strong><\/td>\n<\/tr>\n<\/tbody>\n<\/table>\n<p>Para ambientes comerciais, os clientes da Patiofurnituresco selecionam normalmente coberturas acr\u00edlicas tingidas com solu\u00e7\u00e3o que est\u00e3o em conformidade com as normas UL4041 e EN581 para uma utiliza\u00e7\u00e3o a longo prazo no exterior.<\/p>\n<\/div>\n<\/details>\n<details class=\"faq-item\" style=\"margin-bottom: 15px; border: 1px solid #e5e5e5; border-radius: 5px; padding: 15px; background-color: #fff;\">\n<summary style=\"font-size: 18px; color: #fa8500; font-weight: 600; cursor: pointer;\">Como \u00e9 que se coloca uma cobertura num p\u00e9 alto <a href=\"https:\/\/patiofurnituresco.com\/pt\/estabilidade-e-carateristicas-do-guarda-chuva-cantilever\/\" data-wpil-monitor-id=\"107\">guarda-sol cantilever<\/a>?<\/summary>\n<div class=\"faq-content\" style=\"margin-top: 12px; color: #333; line-height: 1.6;\">\n<p>Uma vara telesc\u00f3pica ou uma cobertura com fecho de correr torna o processo simples, mesmo para guarda-chuvas mais altos do que <strong>8 p\u00e9s<\/strong>. Em primeiro lugar, feche e fixe a cobertura. Em seguida, utilize a vara inclu\u00edda em muitas coberturas de qualidade superior para guiar o tecido por cima do topo sem trepar.<\/p>\n<ul style=\"margin-top: 10px; margin-bottom: 10px;\">\n<li>Certifique-se de que o dossel est\u00e1 completamente seco antes de o cobrir.<\/li>\n<li>\u2699\ufe0f Puxe o fecho de correr ou o cord\u00e3o para baixo at\u00e9 ficar apertado na base.<\/li>\n<li>Para cantil\u00e9veres de grandes dimens\u00f5es, considerar coberturas com contrapeso concebidas com aberturas laterais para facilitar o ajuste.<\/li>\n<\/ul>\n<p>Nos nossos projectos de fabrico para est\u00e2ncias tur\u00edsticas e caf\u00e9s, os clientes apreciam o facto de uma cobertura em consola devidamente instalada poder reduzir o tempo de instala\u00e7\u00e3o em <strong>30%<\/strong> durante as mudan\u00e7as sazonais.<\/p>\n<\/div>\n<\/details>\n<\/div>\n<h2>Considera\u00e7\u00f5es finais<\/h2>\n<p>Escolher a melhor cobertura para guarda-chuvas de p\u00e1tio em 2026 significa equilibrar materiais duradouros, prote\u00e7\u00e3o UV e carater\u00edsticas de instala\u00e7\u00e3o f\u00e1ceis de utilizar. As coberturas com sistemas de varinha removem o inc\u00f3modo da instala\u00e7\u00e3o, enquanto os tecidos como o acr\u00edlico tingido com solu\u00e7\u00e3o e a olefina oferecem uma resist\u00eancia superior ao desbotamento, \u00e0 humidade e ao bolor. A limpeza regular e o armazenamento adequado aumentam ainda mais esse valor, ajudando os propriet\u00e1rios de casas e os operadores comerciais a evitar custos de substitui\u00e7\u00e3o recorrentes.<\/p>\n<p>Ao investir em coberturas de alta qualidade, suportadas por varinhas e mantendo a manuten\u00e7\u00e3o b\u00e1sica, est\u00e1 a salvaguardar a est\u00e9tica do seu exterior e o retorno do investimento a longo prazo. A parceria com fabricantes que compreendem a durabilidade de n\u00edvel comercial, como a Patiofurnituresco, garante padr\u00f5es consistentes, fornecimento fi\u00e1vel e prote\u00e7\u00e3o duradoura para todos os ambientes exteriores.<\/p>","protected":false},"excerpt":{"rendered":"<p>Outdoor umbrellas face constant exposure to sunlight, rain, and dust\u2014factors that can quickly fade fabrics and damage frames. Many homeowners and business owners replace costly umbrellas prematurely simply because they lack proper protection. This guide compares the best patio umbrella covers of 2026, explains how to install them with a wand for a secure fit, [&hellip;]<\/p>","protected":false},"author":1,"featured_media":27588322,"comment_status":"open","ping_status":"open","sticky":false,"template":"","format":"standard","meta":{"_et_pb_use_builder":"","_et_pb_old_content":"","_et_gb_content_width":"","footnotes":""},"categories":[15],"tags":[],"dipi_cpt_category":[],"class_list":["post-27588304","post","type-post","status-publish","format-standard","has-post-thumbnail","hentry","category-patio-umbrellas"],"_links":{"self":[{"href":"https:\/\/patiofurnituresco.com\/pt\/wp-json\/wp\/v2\/posts\/27588304","targetHints":{"allow":["GET"]}}],"collection":[{"href":"https:\/\/patiofurnituresco.com\/pt\/wp-json\/wp\/v2\/posts"}],"about":[{"href":"https:\/\/patiofurnituresco.com\/pt\/wp-json\/wp\/v2\/types\/post"}],"author":[{"embeddable":true,"href":"https:\/\/patiofurnituresco.com\/pt\/wp-json\/wp\/v2\/users\/1"}],"replies":[{"embeddable":true,"href":"https:\/\/patiofurnituresco.com\/pt\/wp-json\/wp\/v2\/comments?post=27588304"}],"version-history":[{"count":2,"href":"https:\/\/patiofurnituresco.com\/pt\/wp-json\/wp\/v2\/posts\/27588304\/revisions"}],"predecessor-version":[{"id":27588327,"href":"https:\/\/patiofurnituresco.com\/pt\/wp-json\/wp\/v2\/posts\/27588304\/revisions\/27588327"}],"wp:featuredmedia":[{"embeddable":true,"href":"https:\/\/patiofurnituresco.com\/pt\/wp-json\/wp\/v2\/media\/27588322"}],"wp:attachment":[{"href":"https:\/\/patiofurnituresco.com\/pt\/wp-json\/wp\/v2\/media?parent=27588304"}],"wp:term":[{"taxonomy":"category","embeddable":true,"href":"https:\/\/patiofurnituresco.com\/pt\/wp-json\/wp\/v2\/categories?post=27588304"},{"taxonomy":"post_tag","embeddable":true,"href":"https:\/\/patiofurnituresco.com\/pt\/wp-json\/wp\/v2\/tags?post=27588304"},{"taxonomy":"dipi_cpt_category","embeddable":true,"href":"https:\/\/patiofurnituresco.com\/pt\/wp-json\/wp\/v2\/dipi_cpt_category?post=27588304"}],"curies":[{"name":"wp","href":"https:\/\/api.w.org\/{rel}","templated":true}]}}