{"id":27588342,"date":"2025-11-30T03:21:26","date_gmt":"2025-11-30T03:21:26","guid":{"rendered":"https:\/\/patiofurnituresco.com\/?p=27588342"},"modified":"2025-12-22T07:47:16","modified_gmt":"2025-12-22T07:47:16","slug":"resistencia-ao-vento-do-guarda-sol-de-patio-de-3-niveis","status":"publish","type":"post","link":"https:\/\/patiofurnituresco.com\/pt\/resistencia-ao-vento-do-guarda-sol-de-patio-de-3-niveis\/","title":{"rendered":"An\u00e1lise do guarda-chuva ventilado de 3 camadas: ele realmente protege do vento?"},"content":{"rendered":"<p>O vento forte e imprevis\u00edvel pode transformar um vulgar guarda-sol de p\u00e1tio num perigo para a seguran\u00e7a ou deixar os espa\u00e7os exteriores inutiliz\u00e1veis. Muitos compradores em \u00e1reas ventosas procuram um equil\u00edbrio entre durabilidade, fluxo de ar e atra\u00e7\u00e3o visual - e perguntam-se se um guarda-sol de p\u00e1tio de 3 n\u00edveis pode realmente proporcionar essa estabilidade.<\/p>\n<p>Este guia explora o que define um guarda-chuva ventilado de 3 camadas, como o seu design em camadas dispersa o vento para evitar a queda e porque \u00e9 preferido tanto para casas como para locais comerciais que procuram uma resist\u00eancia ao vento fi\u00e1vel sem perder o estilo.<\/p>\n<h2>O que \u00e9 um guarda-sol de p\u00e1tio ventilado de 3 n\u00edveis?<\/h2>\n<blockquote style=\"border-left: 4px solid #fa8500; padding: 12px 18px; margin: 20px 0; background-color: #f9f9f9;\"><p>Um guarda-sol de p\u00e1tio ventilado de 3 n\u00edveis \u00e9 um <a href=\"https:\/\/patiofurnituresco.com\/pt\/fabricante-de-estruturas-para-exteriores\/\" data-wpil-monitor-id=\"139\">estrutura de sombra exterior<\/a> com uma cobertura dividida em tr\u00eas sec\u00e7\u00f5es horizontais com aberturas de ventila\u00e7\u00e3o. Estas aberturas permitem a passagem do vento e do ar, reduzindo a resist\u00eancia ao vento e a acumula\u00e7\u00e3o de calor, ao mesmo tempo que aumentam a estabilidade e a durabilidade em compara\u00e7\u00e3o com os guarda-chuvas de dossel s\u00f3lido.<\/p><\/blockquote>\n<p>Um 3 n\u00edveis <a href=\"https:\/\/patiofurnituresco.com\/pt\/manutencao-do-fecho-do-guarda-sol-do-patio\/\" data-wpil-monitor-id=\"140\">guarda-sol<\/a> combina engenharia funcional com um design elegante em camadas que funciona bem em climas ventosos e soalheiros. Na nossa experi\u00eancia de fabrico <a href=\"https:\/\/patiofurnituresco.com\/pt\/guarda-chuvas-comerciais-para-trabalhos-pesados-solucoes-de-sombra-duradouras\/\"  data-wpil-monitor-id=\"161\">guarda-chuvas comerciais<\/a> para hot\u00e9is e est\u00e2ncias tur\u00edsticas, a configura\u00e7\u00e3o de tr\u00eas n\u00edveis \u00e9 preferida, tanto pelo seu atrativo visual como pela sua capacidade avan\u00e7ada de lidar com o vento.<\/p>\n<h3>Carater\u00edsticas estruturais e de conce\u00e7\u00e3o<\/h3>\n<p>O dossel de tr\u00eas n\u00edveis deste guarda-chuva foi concebido para equilibrar o fluxo de ar e a cobertura, garantindo uma distribui\u00e7\u00e3o uniforme do peso em toda a estrutura.<\/p>\n<ul>\n<li>Dossel dividido em <strong>3<\/strong> camadas horizontais para distribuir uniformemente a press\u00e3o do vento e melhorar a estabilidade.<\/li>\n<li>V\u00e1rias aberturas de ventila\u00e7\u00e3o integradas em cada n\u00edvel promovem uma circula\u00e7\u00e3o de ar consistente.<\/li>\n<li>Estrutura constru\u00edda em alum\u00ednio ou a\u00e7o resistente \u00e0 ferrugem com <strong>8<\/strong> nervuras robustas para maior durabilidade.<\/li>\n<li>\ud83d\udca1 O di\u00e2metro do poste varia entre <strong>1.5&#8243;<\/strong> para <strong>2.5&#8243;<\/strong>, A sua capacidade de carga \u00e9 muito reduzida, suportando grandes coberturas sem se dobrar.<\/li>\n<li>V\u00e3os t\u00edpicos de cobertura <strong>9-10 p\u00e9s<\/strong>, proporcionando uma sombra confort\u00e1vel para <strong>8-14<\/strong> assentos.<\/li>\n<\/ul>\n<p>Este equil\u00edbrio entre a estrutura e o design faz com que o 3 tier <a href=\"https:\/\/patiofurnituresco.com\/pt\/guarda-sois-retangulares-para-patios-solucoes-de-sombreamento-mesas-compridas\/\" data-wpil-monitor-id=\"141\">guarda-sol<\/a> ideal para ambientes comerciais e residenciais, proporcionando fiabilidade \u00e0 sombra mesmo com ventos mais fortes.<\/p>\n<h3>Benef\u00edcios funcionais e desempenho<\/h3>\n<p>O design ventilado \u00e9 mais do que est\u00e9tico - desempenha um papel direto no desempenho do guarda-chuva em condi\u00e7\u00f5es climat\u00e9ricas adversas.<\/p>\n<ul>\n<li>As camadas ventiladas permitem um fluxo de ar que reduz a resist\u00eancia ao vento e evita a invers\u00e3o da cobertura durante as rajadas.<\/li>\n<li>A durabilidade melhorada do vento ajuda a reduzir o risco de danos estruturais e aumenta o tempo de vida \u00fatil.<\/li>\n<li>A circula\u00e7\u00e3o de ar minimiza a acumula\u00e7\u00e3o de calor sob o guarda-chuva, mantendo os espa\u00e7os \u00e0 sombra mais frescos e confort\u00e1veis.<\/li>\n<li>Os revestimentos resistentes aos raios UV protegem os utilizadores e os materiais do desgaste causado pelo sol, garantindo a reten\u00e7\u00e3o da cor a longo prazo.<\/li>\n<li>A opera\u00e7\u00e3o f\u00e1cil com mecanismos de manivela e inclina\u00e7\u00e3o permite aos utilizadores ajustar rapidamente os \u00e2ngulos do dossel para uma melhor cobertura solar.<\/li>\n<\/ul>\n<p>Ao combinar durabilidade e facilidade de utiliza\u00e7\u00e3o, esta configura\u00e7\u00e3o oferece vantagens que justificam a sua maior procura em projectos de hotelaria e com\u00e9rcio.<\/p>\n<h3>Perspetiva cr\u00edtica e contexto de mercado<\/h3>\n<p>Alguns compradores partem do princ\u00edpio de que os <a href=\"https:\/\/patiofurnituresco.com\/pt\/guarda-chuvas-portateis-com-tripe-joe-shade-vs-wondershade\/\"  data-wpil-monitor-id=\"160\">os guarda-chuvas reduzem a sombra<\/a> mas isso \u00e9 um equ\u00edvoco. O design de tr\u00eas n\u00edveis mant\u00e9m a sombra total, permitindo o fluxo de ar.<\/p>\n<ul>\n<li>Os guarda-chuvas ventilados mant\u00eam a cobertura total da sombra mesmo com aberturas para o fluxo de ar.<\/li>\n<li>\ud83d\udca1 The layered &#8220;double-top&#8221; or &#8220;pagoda&#8221; aesthetic appeals to both residential and commercial clients seeking visual distinction.<\/li>\n<li>Utilizado habitualmente por hot\u00e9is, resorts e restaurantes devido \u00e0 sua resist\u00eancia ao vento e longevidade.<\/li>\n<li>Adequado para propriet\u00e1rios de casas em regi\u00f5es propensas ao vento que procuram uma solu\u00e7\u00e3o de sombra de baixa manuten\u00e7\u00e3o e de longo prazo.<\/li>\n<li>A redu\u00e7\u00e3o da tens\u00e3o estrutural resulta numa vida \u00fatil mais longa e em menos substitui\u00e7\u00f5es de componentes do que as coberturas s\u00f3lidas.<\/li>\n<\/ul>\n<p>Para as empresas que investem em \u00e1reas exteriores onde o aspeto e a fiabilidade s\u00e3o importantes, a parceria com um fabricante direto, como a Patiofurnituresco, garante o acesso a produtos de n\u00edvel 3 de qualidade contratual <a href=\"https:\/\/patiofurnituresco.com\/pt\/guia-de-compra-de-guarda-sois-grandes-para-patios-estabilidade-e-durabilidade\/\" data-wpil-monitor-id=\"142\">guarda-s\u00f3is de p\u00e1tio<\/a> concebido para um desempenho consistente em ambientes de elevado tr\u00e1fego.<\/p>\n<h2>Como o design de 3 n\u00edveis p\u00e1ra o vento<\/h2>\n<blockquote style=\"border-left: 4px solid #fa8500; padding: 12px 18px; margin: 20px 0; background-color: #f9f9f9;\"><p>O design ventilado de 3 camadas reduz a press\u00e3o do vento criando vias de fuga de ar atrav\u00e9s de v\u00e1rias camadas da cobertura, permitindo a passagem do vento em vez de o empurrar contra uma superf\u00edcie s\u00f3lida. Este fluxo de ar distribu\u00eddo aumenta a estabilidade e evita a invers\u00e3o ou a queda em ventos moderados a fortes.<\/p><\/blockquote>\n<p>Na nossa experi\u00eancia, os 3 n\u00edveis <a href=\"https:\/\/patiofurnituresco.com\/pt\/bases-para-guarda-sois-de-patio-estabilidade-mobilidade\/\" data-wpil-monitor-id=\"143\">guarda-sol<\/a> destaca-se pela sua estrutura aerodin\u00e2mica. Foi concebida para canalizar o ar de forma eficiente, proporcionando uma maior estabilidade e menos problemas relacionados com o vento em compara\u00e7\u00e3o com os guarda-chuvas normais.<\/p>\n<p><img loading=\"lazy\" decoding=\"async\" class=\"size-full wp-image-27586882\" src=\"https:\/\/patiofurnituresco.com\/wp-content\/uploads\/2025\/09\/market-umbrella3.webp\" alt=\"Guarda-sol comercial que proporciona sombra em ambientes ao ar livre\" width=\"1280\" height=\"1280\" srcset=\"https:\/\/patiofurnituresco.com\/wp-content\/uploads\/2025\/09\/market-umbrella3.webp 1280w, https:\/\/patiofurnituresco.com\/wp-content\/uploads\/2025\/09\/market-umbrella3-980x980.webp 980w, https:\/\/patiofurnituresco.com\/wp-content\/uploads\/2025\/09\/market-umbrella3-480x480.webp 480w\" sizes=\"(min-width: 0px) and (max-width: 480px) 480px, (min-width: 481px) and (max-width: 980px) 980px, (min-width: 981px) 1280px, 100vw\" \/><\/p>\n<h3>Compara\u00e7\u00e3o do desempenho da resist\u00eancia ao vento<\/h3>\n<table style=\"width: 100%; border-collapse: collapse; margin: 20px 0;\">\n<thead style=\"background: #9C1319; color: #ffffff;\">\n<tr>\n<td style=\"padding: 15px; border: 1px solid #ddd;\">M\u00e9trica de desempenho<\/td>\n<td style=\"padding: 15px; border: 1px solid #ddd;\">Guarda-chuva standard \u274c<\/td>\n<td style=\"padding: 15px; border: 1px solid #ddd;\">Guarda-chuva ventilado de 3 n\u00edveis \u2705<\/td>\n<\/tr>\n<\/thead>\n<tbody>\n<tr>\n<td style=\"padding: 15px; border: 1px solid #ddd;\">Velocidade recomendada para o fecho do vento<\/td>\n<td style=\"padding: 15px; border: 1px solid #ddd;\"><strong>15\u201320 mph<\/strong><\/td>\n<td style=\"padding: 15px; border: 1px solid #ddd;\"><strong>32\u201356 km\/h<\/strong> (com base adequada)<\/td>\n<\/tr>\n<tr>\n<td style=\"padding: 15px; border: 1px solid #ddd;\">Classifica\u00e7\u00e3o da Escala de Beaufort<\/td>\n<td style=\"padding: 15px; border: 1px solid #ddd;\">N\u00edvel <strong>4-5<\/strong> (Brisa moderada)<\/td>\n<td style=\"padding: 15px; border: 1px solid #ddd;\">N\u00edvel <strong>6-7<\/strong> (Brisa forte)<\/td>\n<\/tr>\n<tr>\n<td style=\"padding: 15px; border: 1px solid #ddd;\">Gama de velocidade do vento<\/td>\n<td style=\"padding: 15px; border: 1px solid #ddd;\"><strong>15\u201320 mph<\/strong><\/td>\n<td style=\"padding: 15px; border: 1px solid #ddd;\"><strong>26-38+<\/strong> mph<\/td>\n<\/tr>\n<tr>\n<td style=\"padding: 15px; border: 1px solid #ddd;\">Redu\u00e7\u00e3o da press\u00e3o do tecido<\/td>\n<td style=\"padding: 15px; border: 1px solid #ddd;\">Alta \u274c<\/td>\n<td style=\"padding: 15px; border: 1px solid #ddd;\">Baixa \u2705<\/td>\n<\/tr>\n<tr>\n<td style=\"padding: 15px; border: 1px solid #ddd;\">Vantagem principal<\/td>\n<td style=\"padding: 15px; border: 1px solid #ddd;\">Cobertura b\u00e1sica da sombra<\/td>\n<td style=\"padding: 15px; border: 1px solid #ddd;\">Fluxo de ar e estabilidade superiores \ud83d\ude80<\/td>\n<\/tr>\n<\/tbody>\n<\/table>\n<h3>Como \u00e9 que o design de 3 n\u00edveis impede mecanicamente o vento<\/h3>\n<p>A constru\u00e7\u00e3o em 3 camadas dispersa o vento por fases em vez de o absorver diretamente. Esta sequ\u00eancia aerodin\u00e2mica garante que a for\u00e7a \u00e9 gerida atrav\u00e9s de v\u00e1rias camadas em vez de uma.<\/p>\n<ul>\n<li>A primeira camada encontra o impacto inicial do vento, quebrando o impulso antes de atingir o dossel central.<\/li>\n<li>Os espa\u00e7os entre as camadas permitem que o ar escape para os lados e para cima, diminuindo imediatamente a press\u00e3o interna.<\/li>\n<li>As camadas subsequentes dissipam ainda mais a for\u00e7a restante, reduzindo a possibilidade de invers\u00e3o.<\/li>\n<li>Ao dividir a press\u00e3o, o guarda-chuva mant\u00e9m-se est\u00e1vel e funcional em ventos at\u00e9 <strong>35 mph<\/strong>.<\/li>\n<\/ul>\n<h3>Sinergias entre materiais e constru\u00e7\u00e3o para resist\u00eancia ao vento<\/h3>\n<p>A engenharia de materiais \u00e9 um fator importante por detr\u00e1s do desempenho de um guarda-sol de p\u00e1tio de 3 n\u00edveis. Cada componente desempenha um papel na manuten\u00e7\u00e3o da resist\u00eancia, mantendo-se leve.<\/p>\n<ul>\n<li>As estruturas de alum\u00ednio para aeronaves oferecem uma forte rigidez com um peso m\u00ednimo, s\u00e3o resistentes \u00e0 corros\u00e3o e capazes de suportar ventos at\u00e9 <strong>35 mph<\/strong>.<\/li>\n<li>As nervuras de fibra de vidro flectem sob press\u00e3o, mantendo a estrutura sem se partirem.<\/li>\n<li>\u2699\ufe0f As bases ponderadas e est\u00e1veis garantem que o poste central permanece firmemente ancorado em ambientes abertos ou costeiros.<\/li>\n<li>Combinados, estes materiais harmonizam-se com o design da cobertura de 3 n\u00edveis para maximizar <a href=\"https:\/\/patiofurnituresco.com\/pt\/estabilidade-e-carateristicas-do-guarda-chuva-cantilever\/\"  data-wpil-monitor-id=\"159\">estabilidade do vento<\/a> e a longevidade do produto.<\/li>\n<\/ul>\n<h3>Considera\u00e7\u00f5es sobre o tamanho do dossel e o ambiente<\/h3>\n<p>Diferentes defini\u00e7\u00f5es e cobertura <a href=\"https:\/\/patiofurnituresco.com\/pt\/guarda-sois-de-27-m-tamanho-ideal-para-patios-residenciais\/\" data-wpil-monitor-id=\"136\">os tamanhos influenciam a forma como um guarda-sol de p\u00e1tio de 3 n\u00edveis<\/a> tem um bom desempenho com o vento. O design torna estes modelos adapt\u00e1veis a diversos cen\u00e1rios exteriores.<\/p>\n<ul>\n<li>Coberturas maiores em cima <strong>4 metros<\/strong> encontram cargas de vento mais elevadas, mas beneficiam de uma distribui\u00e7\u00e3o da press\u00e3o por n\u00edveis.<\/li>\n<li>Modelos compactos em redor <strong>11,5 p\u00e9s<\/strong> experimentam menos resist\u00eancia ao vento e ganham estabilidade extra com a constru\u00e7\u00e3o em camadas.<\/li>\n<li>\ud83c\udfd9\ufe0f As zonas abrigadas s\u00e3o normalmente classificadas como <strong>20-30 mph<\/strong> ventos, enquanto os campos abertos ou campos de golfe requerem <strong>25-37 mph<\/strong> estabilidade.<\/li>\n<li>\u26a0\ufe0f Para zonas de elevada exposi\u00e7\u00e3o (acima de <strong>37 mph<\/strong>), recomenda-se uma montagem permanente e uma base refor\u00e7ada.<\/li>\n<\/ul>\n<h3>Equ\u00edvocos comuns e normas de teste<\/h3>\n<p>Alguns mitos sugerem que s\u00f3 o tamanho determina o desempenho do vento, mas o design e os materiais s\u00e3o mais importantes. Um guarda-chuva de 3 camadas concebido com precis\u00e3o pode superar os guarda-chuvas maiores e menos aerodin\u00e2micos.<\/p>\n<ul>\n<li>Coberturas maiores n\u00e3o s\u00e3o automaticamente melhores; os caminhos do fluxo de ar e a flexibilidade da estrutura desempenham um papel mais importante na sobreviv\u00eancia ao vento.<\/li>\n<li>\u2705 Uma qualidade <strong>2,7 m<\/strong> O guarda-chuva de 3 camadas excede muitas vezes o n\u00edvel de vento dos modelos mais largos mal constru\u00eddos.<\/li>\n<li>Os ensaios em t\u00fanel de vento medem a estabilidade aumentando gradualmente o caudal de ar at\u00e9 aparecer a deforma\u00e7\u00e3o.<\/li>\n<li>As classifica\u00e7\u00f5es de vento certificadas est\u00e3o alinhadas com a Escala Beaufort para proporcionar uma compara\u00e7\u00e3o clara aos compradores comerciais.<\/li>\n<\/ul>\n<h2>Benef\u00edcios da utiliza\u00e7\u00e3o de um guarda-chuva ventilado de 3 n\u00edveis em \u00e1reas ventosas<\/h2>\n<blockquote style=\"border-left: 4px solid #fa8500; padding: 12px 18px; margin: 20px 0; background-color: #f9f9f9;\"><p>Os guarda-chuvas ventilados de 3 n\u00edveis melhoram consideravelmente a resist\u00eancia ao vento, permitindo a passagem do ar atrav\u00e9s da sua cobertura de v\u00e1rias camadas, reduzindo a acumula\u00e7\u00e3o de press\u00e3o e o risco de invers\u00e3o. Este design mant\u00e9m o <a href=\"https:\/\/patiofurnituresco.com\/pt\/guarda-sois-economicos-para-patio-sombra-duradoura\/\"  data-wpil-monitor-id=\"163\">guarda-chuva est\u00e1vel e ajuda-o a durar<\/a> mais tempo em condi\u00e7\u00f5es de rajada de vento.<\/p><\/blockquote>\n<p>Um guarda-sol de p\u00e1tio de 3 n\u00edveis foi concebido para durabilidade, estilo e desempenho fi\u00e1vel em ambientes dif\u00edceis. O sistema de ventila\u00e7\u00e3o em camadas d\u00e1-lhe uma vantagem pr\u00e1tica em rela\u00e7\u00e3o aos modelos de um s\u00f3 n\u00edvel, normalmente vistos em ambientes residenciais ou comerciais expostos ao vento.<\/p>\n<h3>Como funciona o design ventilado de 3 n\u00edveis<\/h3>\n<p>A estrutura ventilada de 3 n\u00edveis utiliza uma cobertura de tr\u00eas camadas perfurada com aberturas de ar que permitem a f\u00e1cil passagem do vento. Este design minimiza a eleva\u00e7\u00e3o para cima e evita que o guarda-chuva se vire do avesso.<\/p>\n<ul>\n<li>O ar passa livremente pelos tr\u00eas n\u00edveis de ventila\u00e7\u00e3o, equilibrando a press\u00e3o em ambos os lados da cobertura.<\/li>\n<li>O fluxo de ar equalizado evita a invers\u00e3o durante rajadas ou mudan\u00e7as bruscas de vento.<\/li>\n<li>\ud83c\udf2c\ufe0f A circula\u00e7\u00e3o melhorada sob a cobertura mant\u00e9m as \u00e1reas sombreadas mais frescas e mais confort\u00e1veis.<\/li>\n<\/ul>\n<p>Na nossa experi\u00eancia de trabalho com projectos comerciais ao ar livre, o design de ventila\u00e7\u00e3o em camadas revela-se valioso para manter a estabilidade a longo prazo e reduzir o desgaste do tecido em paisagens costeiras ou abertas.<\/p>\n<p><img loading=\"lazy\" decoding=\"async\" class=\"aligncenter size-full wp-image-27588357\" src=\"https:\/\/patiofurnituresco.com\/wp-content\/uploads\/2025\/11\/3-tier-vented-umbrella-airflow-stability-diagram.webp\" alt=\"\" width=\"1344\" height=\"756\" srcset=\"https:\/\/patiofurnituresco.com\/wp-content\/uploads\/2025\/11\/3-tier-vented-umbrella-airflow-stability-diagram.webp 1344w, https:\/\/patiofurnituresco.com\/wp-content\/uploads\/2025\/11\/3-tier-vented-umbrella-airflow-stability-diagram-1280x720.webp 1280w, https:\/\/patiofurnituresco.com\/wp-content\/uploads\/2025\/11\/3-tier-vented-umbrella-airflow-stability-diagram-980x551.webp 980w, https:\/\/patiofurnituresco.com\/wp-content\/uploads\/2025\/11\/3-tier-vented-umbrella-airflow-stability-diagram-480x270.webp 480w\" sizes=\"(min-width: 0px) and (max-width: 480px) 480px, (min-width: 481px) and (max-width: 980px) 980px, (min-width: 981px) and (max-width: 1280px) 1280px, (min-width: 1281px) 1344px, 100vw\" \/><\/p>\n<h3>Benef\u00edcios de desempenho apoiados por dados<\/h3>\n<p>Os dados dos ensaios confirmam a resist\u00eancia ao vento dos 3 n\u00edveis <a href=\"https:\/\/patiofurnituresco.com\/pt\/guarda-sois-para-patios-selecao-de-sombras-duraveis-2025\/\" data-wpil-monitor-id=\"137\">guarda-sol<\/a> em condi\u00e7\u00f5es de rajada controladas. Estes valores tornam-no uma solu\u00e7\u00e3o eficaz para est\u00e2ncias, caf\u00e9s e p\u00e1tios residenciais em regi\u00f5es ventosas.<\/p>\n<table style=\"width: 100%; border-collapse: collapse; margin: 20px 0;\">\n<thead style=\"background: #9C1319; color: #ffffff;\">\n<tr>\n<th style=\"padding: 15px; border: 1px solid #ddd;\">Par\u00e2metro de teste<\/th>\n<th style=\"padding: 15px; border: 1px solid #ddd;\">Resultado<\/th>\n<th style=\"padding: 15px; border: 1px solid #ddd;\">Nota de desempenho<\/th>\n<\/tr>\n<\/thead>\n<tbody>\n<tr>\n<td style=\"padding: 15px; border: 1px solid #ddd;\">Capacidade de resist\u00eancia ao vento<\/td>\n<td style=\"padding: 15px; border: 1px solid #ddd;\"><strong>At\u00e9 30 mph<\/strong><\/td>\n<td style=\"padding: 15px; border: 1px solid #ddd;\">Mant\u00e9m a estrutura sem falha da cobertura<\/td>\n<\/tr>\n<tr>\n<td style=\"padding: 15px; border: 1px solid #ddd;\">Ensaio de estabilidade<\/td>\n<td style=\"padding: 15px; border: 1px solid #ddd;\"><strong>32 km\/h<\/strong> vento constante<\/td>\n<td style=\"padding: 15px; border: 1px solid #ddd;\">Oscila\u00e7\u00e3o m\u00ednima da cobertura<\/td>\n<\/tr>\n<tr>\n<td style=\"padding: 15px; border: 1px solid #ddd;\">Risco de invers\u00e3o<\/td>\n<td style=\"padding: 15px; border: 1px solid #ddd;\">Reduzido por <strong>70%<\/strong><\/td>\n<td style=\"padding: 15px; border: 1px solid #ddd;\">O design com v\u00e1rios respiradouros dispersa a carga do vento<\/td>\n<\/tr>\n<tr>\n<td style=\"padding: 15px; border: 1px solid #ddd;\">Di\u00e2metro t\u00edpico da copa<\/td>\n<td style=\"padding: 15px; border: 1px solid #ddd;\"><strong>3 metros<\/strong><\/td>\n<td style=\"padding: 15px; border: 1px solid #ddd;\">Equil\u00edbrio ideal entre cobertura e caudal de ar<\/td>\n<\/tr>\n<tr>\n<td style=\"padding: 15px; border: 1px solid #ddd;\">Material da arma\u00e7\u00e3o<\/td>\n<td style=\"padding: 15px; border: 1px solid #ddd;\">Alum\u00ednio com nervuras resistentes<\/td>\n<td style=\"padding: 15px; border: 1px solid #ddd;\">Resistente \u00e0 corros\u00e3o e leve<\/td>\n<\/tr>\n<tr>\n<td style=\"padding: 15px; border: 1px solid #ddd;\">Composi\u00e7\u00e3o do tecido<\/td>\n<td style=\"padding: 15px; border: 1px solid #ddd;\">Poli\u00e9ster resistente aos UV<\/td>\n<td style=\"padding: 15px; border: 1px solid #ddd;\">Durabilidade a longo prazo no exterior<\/td>\n<\/tr>\n<\/tbody>\n<\/table>\n<p>Estes dados demonstram a raz\u00e3o pela qual as instala\u00e7\u00f5es comerciais e os promotores imobili\u00e1rios escolhem modelos ventilados para um desempenho e\u00f3lico reativo e necessidades de manuten\u00e7\u00e3o reduzidas.<\/p>\n<h3>Vantagens de durabilidade e longevidade<\/h3>\n<p>Cada abertura na cobertura alivia a tens\u00e3o estrutural, reduzindo a tens\u00e3o na vara, nas nervuras e no tecido durante fortes rajadas. A redu\u00e7\u00e3o da tens\u00e3o equivale a uma vida \u00fatil mais longa e a menos substitui\u00e7\u00f5es.<\/p>\n<ul>\n<li>A ventila\u00e7\u00e3o prolonga a vida \u00fatil da capota e da vara, reduzindo a fadiga sob esfor\u00e7o repetido.<\/li>\n<li>Uma vida \u00fatil mais longa reduz os ciclos de substitui\u00e7\u00e3o, diminuindo os custos de propriedade.<\/li>\n<li>O investimento inicial \u00e9 compensado por anos de servi\u00e7o fi\u00e1vel.<\/li>\n<li>Uma escolha inteligente para hot\u00e9is, resorts e caf\u00e9s que requerem solu\u00e7\u00f5es de sombreamento duradouras.<\/li>\n<\/ul>\n<p>Em opera\u00e7\u00f5es comerciais, uma maior durabilidade traduz-se diretamente em menos tempo de paragem para manuten\u00e7\u00e3o e numa maior efici\u00eancia de custos por metro quadrado de cobertura.<\/p>\n<h3>Benef\u00edcios funcionais e est\u00e9ticos adicionais<\/h3>\n<p>O design de 3 n\u00edveis oferece uma silhueta distinta que real\u00e7a o estilo exterior ao mesmo tempo que serve um objetivo. A forma funciona como um exaustor natural para o ar quente, mantendo a sombra em baixo.<\/p>\n<ul>\n<li>A silhueta em camadas acrescenta interesse arquitet\u00f3nico \u00e0s \u00e1reas exteriores.<\/li>\n<li>A ventila\u00e7\u00e3o oculta melhora a dissipa\u00e7\u00e3o do calor e o conforto interior.<\/li>\n<li>Adequado para climas ensolarados gra\u00e7as ao movimento de ar melhorado sob o dossel.<\/li>\n<\/ul>\n<p>Esta combina\u00e7\u00e3o de forma e fun\u00e7\u00e3o torna-a uma op\u00e7\u00e3o preferida para espa\u00e7os de hotelaria que procuram simultaneamente identidade visual e conforto.<\/p>\n<h3>Considera\u00e7\u00f5es sobre a utiliza\u00e7\u00e3o em locais com muito vento<\/h3>\n<p>Mesmo os modelos mais resistentes ao vento t\u00eam um melhor desempenho quando devidamente ancorados. A fixa\u00e7\u00e3o segura garante o funcionamento completo e a prote\u00e7\u00e3o contra a inclina\u00e7\u00e3o ou eleva\u00e7\u00e3o acidental.<\/p>\n<ul>\n<li>\u26a0\ufe0f Utilize sempre bases ponderadas ou suportes enterrados em zonas de vento forte.<\/li>\n<li>Escolha uma base pesada proporcional ao tamanho do dossel para estabilizar o mastro.<\/li>\n<li>A instala\u00e7\u00e3o correta garante uma resist\u00eancia \u00f3ptima ao vento e a seguran\u00e7a dos h\u00f3spedes.<\/li>\n<\/ul>\n<p>Seguir estas recomenda\u00e7\u00f5es de fixa\u00e7\u00e3o preserva a integridade do seu guarda-sol de p\u00e1tio de 3 n\u00edveis e garante um funcionamento mais seguro e consistente durante a sua utiliza\u00e7\u00e3o.<\/p>\n<div style=\"background: #fa8500; border-radius: 8px; padding: 35px; margin: 40px 0; display: flex; flex-wrap: wrap; align-items: center; justify-content: space-between; gap: 30px; box-shadow: 0 4px 15px rgba(156, 19, 25, 0.15);\">\n<div style=\"flex: 1 1 350px; min-width: 300px;\">\n<h2 style=\"margin-top: 0; color: #ffffff; font-size: 26px; font-weight: bold; line-height: 1.3;\">Lance a sua solu\u00e7\u00e3o personalizada de sombreamento externo com confian\u00e7a<\/h2>\n<p style=\"font-size: 16px; color: #f0f0f0; line-height: 1.6; margin: 15px 0 25px 0; opacity: 0.95;\">Fa\u00e7a parceria diretamente com um l\u00edder apoiado pela f\u00e1brica que fornece guarda-chuvas comerciais duradouros e personaliz\u00e1veis, concebidos para prosperar em qualquer clima. Tire partido de MOQs baixos, log\u00edstica global e I&amp;D especializado para elevar os seus espa\u00e7os exteriores sem esfor\u00e7o.<\/p>\n<p><a style=\"display: inline-block; background: #FFFFFF; color: #fa8500; padding: 12px 24px; font-family: 'Rubik', sans-serif; font-weight: bold; font-size: 16px; border-radius: 4px; text-decoration: none; transition: all 0.3s ease; box-shadow: 0 2px 5px rgba(0,0,0,0.1);\" href=\"https:\/\/patiofurnituresco.com\/pt\/fabricante-de-guarda-sois-para-patios\/\" target=\"_blank\" rel=\"noopener\"> Inicie o seu projeto personalizado \u2192 <\/a><\/p>\n<\/div>\n<div style=\"flex: 0 1 300px; min-width: 250px; text-align: center;\"><img decoding=\"async\" style=\"width: 100%; max-width: 300px; height: auto; border-radius: 6px; box-shadow: 0 4px 10px rgba(0,0,0,0.2); object-fit: cover;\" src=\"https:\/\/patiofurnituresco.com\/wp-content\/uploads\/2025\/09\/solar-lighted-umbrella4-1.webp\" alt=\"Guarda-chuva exterior iluminado por energia solar - Classe comercial\" \/><\/div>\n<\/div>\n<h2>Carater\u00edsticas est\u00e9ticas \u00fanicas dos guarda-chuvas de 3 n\u00edveis<\/h2>\n<blockquote style=\"border-left: 4px solid #fa8500; padding: 12px 18px; margin: 20px 0; background-color: #f9f9f9;\"><p>Os guarda-chuvas de 3 camadas apresentam uma cobertura de v\u00e1rias camadas com tr\u00eas camadas de tecido distintas que criam profundidade visual e interesse arquitet\u00f3nico. Este design em camadas n\u00e3o s\u00f3 melhora a est\u00e9tica, como tamb\u00e9m melhora a ventila\u00e7\u00e3o e a estabilidade do vento, tornando estes guarda-chuvas adequados para ambientes exteriores de luxo.<\/p><\/blockquote>\n<p>O design de um guarda-sol de p\u00e1tio de 3 n\u00edveis \u00e9 simultaneamente ornamental e pr\u00e1tico, dando aos espa\u00e7os exteriores uma atualiza\u00e7\u00e3o instantaneamente sofisticada. De acordo com a nossa experi\u00eancia, o design da cobertura em camadas n\u00e3o s\u00f3 define a identidade visual destes guarda-chuvas, como tamb\u00e9m desempenha um papel significativo na forma como se adaptam a diferentes condi\u00e7\u00f5es climat\u00e9ricas.<\/p>\n<h3>Principais componentes est\u00e9ticos dos guarda-chuvas de 3 n\u00edveis<\/h3>\n<p>O atrativo est\u00e9tico dos guarda-chuvas de 3 camadas resulta da forma como as suas camadas e estrutura interagem com a luz, o espa\u00e7o e o fluxo de ar.<\/p>\n<ul>\n<li>A cobertura \u00e9 constitu\u00edda por <strong>tr\u00eas<\/strong> Camadas de tecido distintas empilhadas verticalmente para criar uma silhueta escultural, com nervuras verticais a separar cada camada para defini\u00e7\u00e3o.<\/li>\n<li>M\u00faltiplas aberturas de ventila\u00e7\u00e3o em cada camada permitem o fluxo de ar, reduzindo a press\u00e3o do vento e dando ao guarda-chuva um perfil visual mais leve.<\/li>\n<li>A cobertura t\u00edpica do dossel varia entre <strong>9-10 p\u00e9s<\/strong> de di\u00e2metro, ideal para sombrear um <strong>4 pessoas<\/strong> mesa ou duas espregui\u00e7adeiras.<\/li>\n<li>Os postes s\u00e3o muitas vezes feitos de alum\u00ednio com acabamentos em madeira natural ou em tons quentes de castanho, combinando facilmente com exteriores modernos e tradicionais.<\/li>\n<li>Um mecanismo de inclina\u00e7\u00e3o ajust\u00e1vel de tr\u00eas n\u00edveis introduz movimento e flexibilidade, permitindo aos utilizadores reposicionar o estore \u00e0 medida que a luz solar muda ao longo do dia.<\/li>\n<\/ul>\n<p>Estes pormenores combinam-se para criar um guarda-chuva de aspeto requintado e equilibrado, perfeito para p\u00e1tios de est\u00e2ncias ou elegantes terra\u00e7os residenciais.<\/p>\n<h3>Benef\u00edcios funcionais que aumentam o apelo est\u00e9tico<\/h3>\n<p>O aspeto de um guarda-chuva de 3 n\u00edveis n\u00e3o \u00e9 apenas para mostrar - a sua constru\u00e7\u00e3o tamb\u00e9m oferece vantagens pr\u00e1ticas de desempenho. Cada carater\u00edstica do design contribui para a forma e a fun\u00e7\u00e3o.<\/p>\n<ul>\n<li>A ventila\u00e7\u00e3o do vento atrav\u00e9s de aberturas em camadas aumenta a estabilidade em condi\u00e7\u00f5es de vento, dando ao guarda-chuva um perfil arejado e flutuante.<\/li>\n<li>O poste de alum\u00ednio oferece uma resist\u00eancia leve, capaz de suportar grandes coberturas sem parecer volumoso.<\/li>\n<li>As coberturas de prote\u00e7\u00e3o UV nos modelos premium bloqueiam at\u00e9 <strong>99.85%<\/strong> dos raios ultravioleta, preservando a cor e a textura do tecido durante uma exposi\u00e7\u00e3o prolongada.<\/li>\n<li>\ud83d\udca1 The adjustable tilt mechanism allows graceful repositioning, giving the umbrella&#8217;s outline a dynamic aesthetic across the day.<\/li>\n<li>O design em camadas faz com que o guarda-chuva n\u00e3o seja apenas uma fonte de sombra, mas tamb\u00e9m um destaque arquitet\u00f3nico distinto em ambientes exteriores.<\/li>\n<\/ul>\n<p>Ao fundir a fiabilidade funcional com uma estrutura visual em camadas, estes guarda-chuvas apelam tanto a propriet\u00e1rios de casas focados no design como a empresas orientadas para o desempenho.<\/p>\n<p><img loading=\"lazy\" decoding=\"async\" class=\"aligncenter size-full wp-image-27588358\" src=\"https:\/\/patiofurnituresco.com\/wp-content\/uploads\/2025\/11\/navy-blue-3-tier-wind-resistant-umbrella-poolside-dining.webp\" alt=\"\" width=\"1344\" height=\"756\" srcset=\"https:\/\/patiofurnituresco.com\/wp-content\/uploads\/2025\/11\/navy-blue-3-tier-wind-resistant-umbrella-poolside-dining.webp 1344w, https:\/\/patiofurnituresco.com\/wp-content\/uploads\/2025\/11\/navy-blue-3-tier-wind-resistant-umbrella-poolside-dining-1280x720.webp 1280w, https:\/\/patiofurnituresco.com\/wp-content\/uploads\/2025\/11\/navy-blue-3-tier-wind-resistant-umbrella-poolside-dining-980x551.webp 980w, https:\/\/patiofurnituresco.com\/wp-content\/uploads\/2025\/11\/navy-blue-3-tier-wind-resistant-umbrella-poolside-dining-480x270.webp 480w\" sizes=\"(min-width: 0px) and (max-width: 480px) 480px, (min-width: 481px) and (max-width: 980px) 980px, (min-width: 981px) and (max-width: 1280px) 1280px, (min-width: 1281px) 1344px, 100vw\" \/><\/p>\n<h3>Posicionamento do design e apelo comercial<\/h3>\n<p>Entre a vasta gama de estilos de guarda-s\u00f3is de p\u00e1tio, os modelos de 3 n\u00edveis ocupam uma posi\u00e7\u00e3o \u00fanica, combinando a simetria tradicional com a influ\u00eancia arquitet\u00f3nica moderna. Este equil\u00edbrio torna-os uma forte op\u00e7\u00e3o para ambientes B2B que procuram elevar a experi\u00eancia da marca atrav\u00e9s do design.<\/p>\n<ul>\n<li>Fazem a ponte entre as copas das \u00e1rvores planas <a href=\"https:\/\/patiofurnituresco.com\/pt\/guarda-sois-de-mercado-vs-guarda-sois-de-patio-escolhendo-solucoes-de-sombra\/\"  data-wpil-monitor-id=\"162\">guarda-chuvas de mercado<\/a> e cantilever, oferecendo uma estrutura contempor\u00e2nea com uma utiliza\u00e7\u00e3o familiar.<\/li>\n<li>A sua silhueta em camadas transmite requinte, raz\u00e3o pela qual muitos resorts, clubes de praia e caf\u00e9s de luxo os preferem para as \u00e1reas de h\u00f3spedes.<\/li>\n<li>Os pormenores de constru\u00e7\u00e3o vis\u00edveis sugerem uma qualidade de engenharia, ajudando a justificar um pre\u00e7o mais elevado para os compradores comerciais.<\/li>\n<li>As escolhas de cores comuns incluem tons mais escuros para uma atmosfera elegante e madura e tons mais claros para configura\u00e7\u00f5es limpas e minimalistas.<\/li>\n<li>A composi\u00e7\u00e3o global melhora os espa\u00e7os exteriores, transformando o guarda-chuva num elemento de design arquitet\u00f3nico e n\u00e3o numa simples ferramenta de sombra.<\/li>\n<\/ul>\n<p>Para as empresas que se abastecem diretamente junto de fabricantes como a Patiofurnituresco, estes guarda-chuvas podem ser totalmente personalizados - materiais, cores, impress\u00f5es de log\u00f3tipos e acabamentos - para refletir a identidade da marca, assegurando simultaneamente padr\u00f5es de desempenho que cumprem as certifica\u00e7\u00f5es internacionais.<\/p>\n<h2>Compara\u00e7\u00e3o entre os guarda-chuvas ventilados de 3 n\u00edveis e os modelos tradicionais<\/h2>\n<blockquote style=\"border-left: 4px solid #fa8500; padding: 12px 18px; margin: 20px 0; background-color: #f9f9f9;\"><p>Os guarda-chuvas ventilados de 3 n\u00edveis oferecem uma resist\u00eancia ao vento e uma durabilidade superiores em compara\u00e7\u00e3o com os modelos tradicionais de copa s\u00f3lida. A sua estrutura de v\u00e1rios n\u00edveis com aberturas de ventila\u00e7\u00e3o integradas permite que o vento passe atrav\u00e9s da cobertura em vez de criar press\u00e3o contra ela, reduzindo o risco de invers\u00e3o e aumentando significativamente a vida \u00fatil do guarda-chuva.<\/p><\/blockquote>\n<p>Para ambientes comerciais expostos a ventos fortes e ao sol, \u00e9 necess\u00e1rio compreender como \u00e9 que um sistema de 3 n\u00edveis <a href=\"https:\/\/patiofurnituresco.com\/pt\/dicas-para-a-instalacao-de-coberturas-de-protecao-para-guarda-sois-de-patio\/\" data-wpil-monitor-id=\"138\">O desempenho de um guarda-sol de p\u00e1tio em compara\u00e7\u00e3o com um modelo tradicional \u00e9 essencial<\/a>. Na nossa experi\u00eancia no fabrico de guarda-s\u00f3is para p\u00e1tios de qualidade contratual, a ventila\u00e7\u00e3o estrutural e o design da estrutura fazem a maior diferen\u00e7a tanto no conforto como na longevidade.<\/p>\n<h3>Compara\u00e7\u00e3o do desempenho de guarda-chuvas de 3 n\u00edveis ventilados e tradicionais<\/h3>\n<p>Os testes de desempenho mostram claramente como cada design gere o vento e a press\u00e3o estrutural em condi\u00e7\u00f5es reais de exterior. A vers\u00e3o ventilada oferece uma resist\u00eancia e estabilidade que os guarda-chuvas tradicionais de cobertura s\u00f3lida raramente alcan\u00e7am.<\/p>\n<table style=\"width: 100%; border-collapse: collapse; margin: 20px 0;\">\n<thead style=\"background: #9C1319; color: #ffffff;\">\n<tr>\n<td style=\"padding: 15px; border: 1px solid #ddd;\">Recurso<\/td>\n<td style=\"padding: 15px; border: 1px solid #ddd;\">Guarda-chuva ventilado de 3 n\u00edveis<\/td>\n<td style=\"padding: 15px; border: 1px solid #ddd;\">Guarda-chuva tradicional<\/td>\n<\/tr>\n<\/thead>\n<tbody>\n<tr>\n<td style=\"padding: 15px; border: 1px solid #ddd;\">Resist\u00eancia ao vento<\/td>\n<td style=\"padding: 15px; border: 1px solid #ddd;\">O ar passa atrav\u00e9s dos n\u00edveis de ventila\u00e7\u00e3o, mantendo a estabilidade mesmo com ventos fortes <strong>30 mph<\/strong>.<\/td>\n<td style=\"padding: 15px; border: 1px solid #ddd;\">A cobertura s\u00f3lida ret\u00e9m o ar, aumentando a press\u00e3o e o potencial de eleva\u00e7\u00e3o.<\/td>\n<\/tr>\n<tr>\n<td style=\"padding: 15px; border: 1px solid #ddd;\">Risco de Invers\u00e3o<\/td>\n<td style=\"padding: 15px; border: 1px solid #ddd;\">Muito reduzida devido aos canais de fluxo aerodin\u00e2micos.<\/td>\n<td style=\"padding: 15px; border: 1px solid #ddd;\">Risco elevado de capotamento durante as rajadas, especialmente acima de <strong>20 mph<\/strong>.<\/td>\n<\/tr>\n<tr>\n<td style=\"padding: 15px; border: 1px solid #ddd;\">Tens\u00e3o da estrutura<\/td>\n<td style=\"padding: 15px; border: 1px solid #ddd;\">Menor tens\u00e3o nas costelas e articula\u00e7\u00f5es devido ao al\u00edvio da press\u00e3o.<\/td>\n<td style=\"padding: 15px; border: 1px solid #ddd;\">A elevada concentra\u00e7\u00e3o de tens\u00f5es conduz frequentemente a costelas dobradas ou a articula\u00e7\u00f5es partidas.<\/td>\n<\/tr>\n<\/tbody>\n<\/table>\n<h3>Vantagens de conforto e durabilidade dos guarda-chuvas ventilados<\/h3>\n<p>As diferen\u00e7as de design tamb\u00e9m influenciam o conforto geral e o desempenho a longo prazo. Um guarda-sol de p\u00e1tio de 3 n\u00edveis n\u00e3o s\u00f3 melhora o fluxo de ar como tamb\u00e9m prolonga a vida \u00fatil em ambientes comerciais.<\/p>\n<ul>\n<li>\ud83d\udca1 <strong>Circula\u00e7\u00e3o de ar:<\/strong> As aberturas de ventila\u00e7\u00e3o entre as camadas da cobertura permitem a sa\u00edda do ar quente, criando um espa\u00e7o mais fresco e respir\u00e1vel por baixo. Isto pode reduzir a temperatura percepcionada at\u00e9 <strong>5-7 \u00b0C<\/strong> em compara\u00e7\u00e3o com as coberturas tradicionais.<\/li>\n<li>\u2705 <strong>Durabilidade e tempo de vida:<\/strong> A configura\u00e7\u00e3o ventilada reduz a tens\u00e3o cont\u00ednua sobre o tecido e a estrutura da cobertura, prolongando a vida \u00fatil em cerca de <strong>25-40%<\/strong>.<\/li>\n<li>\ud83d\ude80 <strong>Prote\u00e7\u00e3o UV:<\/strong> A maioria dos modelos ventilados de qualidade superior inclui tecidos certificados de poli\u00e9ster ou acr\u00edlico com prote\u00e7\u00e3o UV com classifica\u00e7\u00e3o UPF<strong>50+<\/strong>, enquanto as vers\u00f5es tradicionais variam muito em termos de cobertura.<\/li>\n<\/ul>\n<p>Numa perspetiva B2B, as est\u00e2ncias e os caf\u00e9s que operam em regi\u00f5es costeiras ou com ventos fortes beneficiam normalmente de menos substitui\u00e7\u00f5es quando investem em modelos ventilados. Menos tempo de inatividade significa tamb\u00e9m uma melhor continuidade das receitas para os locais ao ar livre.<\/p>\n<h3>Considera\u00e7\u00f5es cr\u00edticas na escolha de guarda-chuvas ventilados<\/h3>\n<p>Mesmo na categoria de 3 n\u00edveis, as escolhas espec\u00edficas de constru\u00e7\u00e3o afectam o desempenho. A sele\u00e7\u00e3o das especifica\u00e7\u00f5es corretas garante que os benef\u00edcios da estrutura ventilada s\u00e3o plenamente realizados.<\/p>\n<ul>\n<li>\u26a0\ufe0f <strong>Peso base:<\/strong> A toler\u00e2ncia ao vento forte s\u00f3 funciona com uma base est\u00e1vel. Uma base com um peso m\u00ednimo de <strong>25 kg<\/strong> \u00e9 recomendado para instala\u00e7\u00f5es comerciais.<\/li>\n<li>\u2705 <strong>Qualidade da ventila\u00e7\u00e3o:<\/strong> A constru\u00e7\u00e3o avan\u00e7ada do respiradouro com costuras refor\u00e7adas e sobreposi\u00e7\u00e3o em camadas impede a entrada de chuva, mantendo o fluxo de ar eficiente. Os modelos com camadas de qualidade superior t\u00eam um melhor desempenho do que as vers\u00f5es com costuras b\u00e1sicas.<\/li>\n<li>\ud83d\udca1 <strong>Impacto do tamanho:<\/strong> Guarda-chuvas de grandes dimens\u00f5es para al\u00e9m <strong>11 p\u00e9s<\/strong> requerem materiais de estrutura melhorados e bases mais pesadas, uma vez que a ventila\u00e7\u00e3o, por si s\u00f3, n\u00e3o consegue contrariar a influ\u00eancia do vento.<\/li>\n<\/ul>\n<p>Na nossa experi\u00eancia na Patiofurnituresco, os clientes de regi\u00f5es como os EUA e o M\u00e9dio Oriente d\u00e3o frequentemente prioridade \u00e0 qualidade da ventila\u00e7\u00e3o e \u00e0 estabilidade da base quando finalizam as encomendas em massa. Uma base bem adaptada, uma estrutura de alum\u00ednio refor\u00e7ada e uma cobertura UPF certificada garantem uma seguran\u00e7a e um desempenho duradouros durante anos de utiliza\u00e7\u00e3o comercial.<\/p>\n<h2>Conselhos de instala\u00e7\u00e3o e manuten\u00e7\u00e3o para uma resist\u00eancia m\u00e1xima ao vento<\/h2>\n<blockquote style=\"border-left: 4px solid #fa8500; padding: 12px 18px; margin: 20px 0; background-color: #f9f9f9;\"><p>Maximizar a resist\u00eancia ao vento dos guarda-s\u00f3is de 3 n\u00edveis requer t\u00e9cnicas de instala\u00e7\u00e3o corretas, refor\u00e7o estrutural e manuten\u00e7\u00e3o cont\u00ednua. As etapas principais incluem a fixa\u00e7\u00e3o correta dos sistemas de fixa\u00e7\u00e3o, o refor\u00e7o da estrutura de base e a realiza\u00e7\u00e3o de inspec\u00e7\u00f5es regulares para detetar precocemente potenciais problemas.<\/p><\/blockquote>\n<p>Para os profissionais que gerem espa\u00e7os exteriores em regi\u00f5es ventosas, uma instala\u00e7\u00e3o precisa e uma manuten\u00e7\u00e3o consistente fazem toda a diferen\u00e7a na forma como um guarda-sol de p\u00e1tio de 3 n\u00edveis ou uma estrutura lida com as rajadas de vento ao longo do tempo. Na nossa experi\u00eancia, a aten\u00e7\u00e3o \u00e0 fixa\u00e7\u00e3o, refor\u00e7o e cuidados p\u00f3s-instala\u00e7\u00e3o garante a longevidade e seguran\u00e7a do produto.<\/p>\n<h3>Melhores pr\u00e1ticas de instala\u00e7\u00e3o para resist\u00eancia ao vento<\/h3>\n<p>A instala\u00e7\u00e3o correta constitui a base da resist\u00eancia ao vento a longo prazo. A utiliza\u00e7\u00e3o das t\u00e9cnicas e materiais corretos evita pontos fracos que podem levar a falhas prematuras durante as tempestades.<\/p>\n<ul>\n<li>\u2705 Utiliza\u00e7\u00e3o <strong>seis pregos por telha<\/strong> em vez dos quatro habituais, para aumentar o poder de reten\u00e7\u00e3o e minimizar os riscos de eleva\u00e7\u00e3o.<\/li>\n<li>\u2705 Escolha <strong>pregos de haste anelar<\/strong> para um aperto mais apertado em compara\u00e7\u00e3o com os tipos de haste lisa.<\/li>\n<li>\ud83d\udca1 Aplicar <strong>cimento ou vedante para telhados<\/strong> sob as abas das telhas para aumentar a ader\u00eancia e proteger contra a entrada de humidade.<\/li>\n<li>\u26a0\ufe0f Instalar <strong>cintas ou clipes para furac\u00f5es<\/strong> para fixar firmemente a estrutura do telhado \u00e0s paredes, reduzindo a eleva\u00e7\u00e3o estrutural.<\/li>\n<li>\u2705 Empregar um <strong>5\/8 polegadas<\/strong> de madeira contraplacada ou OSB, e refor\u00e7ar as costuras para evitar a flex\u00e3o sob ventos fortes.<\/li>\n<\/ul>\n<p>Ao trabalhar em abrigos exteriores ou bases de guarda-chuvas, estes m\u00e9todos de refor\u00e7o reflectem os utilizados em aplica\u00e7\u00f5es de coberturas, acrescentando a resist\u00eancia necess\u00e1ria para suportar zonas de vento de alta press\u00e3o.<\/p>\n<p><img loading=\"lazy\" decoding=\"async\" class=\"aligncenter size-full wp-image-27588359\" src=\"https:\/\/patiofurnituresco.com\/wp-content\/uploads\/2025\/11\/tan-3-tier-tilt-patio-umbrella-windy-courtyard.webp\" alt=\"\" width=\"1344\" height=\"756\" srcset=\"https:\/\/patiofurnituresco.com\/wp-content\/uploads\/2025\/11\/tan-3-tier-tilt-patio-umbrella-windy-courtyard.webp 1344w, https:\/\/patiofurnituresco.com\/wp-content\/uploads\/2025\/11\/tan-3-tier-tilt-patio-umbrella-windy-courtyard-1280x720.webp 1280w, https:\/\/patiofurnituresco.com\/wp-content\/uploads\/2025\/11\/tan-3-tier-tilt-patio-umbrella-windy-courtyard-980x551.webp 980w, https:\/\/patiofurnituresco.com\/wp-content\/uploads\/2025\/11\/tan-3-tier-tilt-patio-umbrella-windy-courtyard-480x270.webp 480w\" sizes=\"(min-width: 0px) and (max-width: 480px) 480px, (min-width: 481px) and (max-width: 980px) 980px, (min-width: 981px) and (max-width: 1280px) 1280px, (min-width: 1281px) 1344px, 100vw\" \/><\/p>\n<h3>Estrat\u00e9gias de Refor\u00e7o Estrutural e de Revestimento<\/h3>\n<p>As estrat\u00e9gias de prote\u00e7\u00e3o em camadas criam um sistema de defesa secund\u00e1rio que impede a infiltra\u00e7\u00e3o de \u00e1gua, mantendo a estabilidade estrutural durante fortes rajadas de vento.<\/p>\n<ul>\n<li>Utilizar um <strong>subpavimento sint\u00e9tico auto-aderente<\/strong> como uma barreira fi\u00e1vel contra a humidade para proteger contra a chuva provocada pelo vento.<\/li>\n<li>\ud83d\udca1 Aplicar um <strong>barreira secund\u00e1ria de prote\u00e7\u00e3o contra a colagem<\/strong> em regi\u00f5es propensas a ventos fortes para uma prote\u00e7\u00e3o adicional contra fugas.<\/li>\n<li>\u26a0\ufe0f Assegure-se de que o revestimento em torno de aberturas cr\u00edticas, como chamin\u00e9s, aberturas de ventila\u00e7\u00e3o e clarab\u00f3ias, est\u00e1 devidamente selado para bloquear a intrus\u00e3o do vento.<\/li>\n<li>Concentrar o refor\u00e7o extra em <strong>arestas, cantos e cumes<\/strong>, pois estas s\u00e3o as primeiras zonas a apresentar danos causados por tempestades.<\/li>\n<\/ul>\n<p>Estes m\u00e9todos ajudam tanto os telhados como as instala\u00e7\u00f5es do tipo dossel, tais como os guarda-s\u00f3is de p\u00e1tio de 3 n\u00edveis, a manter a integridade estrutural atrav\u00e9s da exposi\u00e7\u00e3o repetida a condi\u00e7\u00f5es turbulentas.<\/p>\n<h3>Pr\u00e1ticas de manuten\u00e7\u00e3o regulares para manter a resist\u00eancia ao vento<\/h3>\n<p>Uma manuten\u00e7\u00e3o consistente garante que a estrutura ou o guarda-chuva mantenham o seu desempenho contra o vento durante todo o seu ciclo de utiliza\u00e7\u00e3o. As ac\u00e7\u00f5es preventivas s\u00e3o muito mais rent\u00e1veis do que as grandes repara\u00e7\u00f5es posteriores.<\/p>\n<ul>\n<li>\u2705 Hor\u00e1rio <strong>inspec\u00e7\u00f5es profissionais anuais<\/strong> para detetar telhas soltas, fixadores enferrujados ou rufos deteriorados antes que se agravem.<\/li>\n<li>Manter as caleiras e os canais limpos para evitar a acumula\u00e7\u00e3o de \u00e1gua, que pode criar uma press\u00e3o de eleva\u00e7\u00e3o adicional durante as tempestades.<\/li>\n<li>\u26a0\ufe0f Aparar as \u00e1rvores pr\u00f3ximas para evitar que os ramos partidos atinjam os guarda-chuvas ou os materiais de cobertura durante ventos fortes.<\/li>\n<li>\u2705 Substituir <strong>telhas em falta ou rachadas imediatamente<\/strong> ap\u00f3s uma tempestade, para impedir que a \u00e1gua e o vento entrem nas sec\u00e7\u00f5es expostas.<\/li>\n<li>Fixar os objectos leves de exterior para evitar que se transformem em perigos a\u00e9reos durante condi\u00e7\u00f5es meteorol\u00f3gicas extremas.<\/li>\n<\/ul>\n<p>De acordo com a nossa experi\u00eancia no fornecimento de mobili\u00e1rio de exterior de qualidade comercial, a inspe\u00e7\u00e3o e a manuten\u00e7\u00e3o consistentes prolongam consideravelmente a vida \u00fatil das estruturas expostas a ciclos de vento frequentes.<\/p>\n<h3>Equ\u00edvocos comuns e principais \u00e1reas de concentra\u00e7\u00e3o<\/h3>\n<p>Os projectistas e gestores de instala\u00e7\u00f5es partem muitas vezes do princ\u00edpio de que os materiais de alta qualidade garantem por si s\u00f3 uma resist\u00eancia superior ao vento. Na realidade, o desempenho depende de uma combina\u00e7\u00e3o completa de materiais, ferragens e cuidados regulares.<\/p>\n<ul>\n<li>\u26a0\ufe0f Os materiais de alta qualidade, por si s\u00f3, n\u00e3o garantem a durabilidade sem uma instala\u00e7\u00e3o correta e uma manuten\u00e7\u00e3o peri\u00f3dica.<\/li>\n<li>Os fechos, as veda\u00e7\u00f5es e a remo\u00e7\u00e3o de detritos t\u00eam igual import\u00e2ncia na manuten\u00e7\u00e3o da resist\u00eancia contra falhas estruturais prematuras.<\/li>\n<li>Prestar muita aten\u00e7\u00e3o a <strong>cantos, cumeeiras, rufos e penetra\u00e7\u00f5es<\/strong> como aberturas e clarab\u00f3ias, onde se concentra a tens\u00e3o do vento.<\/li>\n<li>Realizar inspec\u00e7\u00f5es imediatas ap\u00f3s a tempestade para detetar problemas precoces e evitar danos agravados ou custos de repara\u00e7\u00e3o mais elevados.<\/li>\n<\/ul>\n<p>Concentrar-se nestas zonas priorit\u00e1rias ajuda os utilizadores comerciais e residenciais a garantir que os seus guarda-s\u00f3is de 3 n\u00edveis e instala\u00e7\u00f5es de cobertura mant\u00eam uma resist\u00eancia ao vento consistente, esta\u00e7\u00e3o ap\u00f3s esta\u00e7\u00e3o.<\/p>\n<h2>Coment\u00e1rios de clientes e desempenho no mundo real<\/h2>\n<blockquote style=\"border-left: 4px solid #fa8500; padding: 12px 18px; margin: 20px 0; background-color: #f9f9f9;\"><p>As opini\u00f5es dos clientes e os dados de desempenho reais mostram que os guarda-s\u00f3is de 3 n\u00edveis proporcionam melhorias significativas na satisfa\u00e7\u00e3o dos clientes (<strong>+30%<\/strong>), fiabilidade operacional e resist\u00eancia ao vento certificadas pela <strong>UL4041<\/strong> e <strong>EN581<\/strong>. S\u00e3o amplamente adoptados nos sectores da hotelaria, retalho e eventos, servindo mais de <strong>30 pa\u00edses<\/strong> com qualidade consistente e entrega r\u00e1pida.<\/p><\/blockquote>\n<p>De resorts a locais de eventos, a implanta\u00e7\u00e3o de <strong>Guarda-chuvas de p\u00e1tio de 3 n\u00edveis<\/strong> tem sido apoiado por resultados mensur\u00e1veis. Na nossa experi\u00eancia de trabalho com clientes B2B em todo o mundo, os dados reflectem consistentemente uma maior satisfa\u00e7\u00e3o do cliente, melhores resultados operacionais e certifica\u00e7\u00f5es verificadas que apoiam a durabilidade real.<\/p>\n<h3>Satisfa\u00e7\u00e3o do cliente e benef\u00edcios comerciais<\/h3>\n<p>O feedback dos compradores comerciais indica melhorias comerciais tang\u00edveis ap\u00f3s a transi\u00e7\u00e3o para os guarda-chuvas de tr\u00eas n\u00edveis certificados. Estes resultados reflectem a forma como o design funcional apoia diretamente a experi\u00eancia de hospitalidade e o desempenho do retalho.<\/p>\n<ul>\n<li>A satisfa\u00e7\u00e3o dos h\u00f3spedes melhorou em <strong>30%<\/strong> conforme relatado por um gestor de compras de uma est\u00e2ncia tur\u00edstica ap\u00f3s a implementa\u00e7\u00e3o de um sistema certificado <strong>Guarda-chuvas de p\u00e1tio de 3 n\u00edveis<\/strong>.<\/li>\n<li>As opera\u00e7\u00f5es de retalho alcan\u00e7aram vendas sazonais mais fortes atrav\u00e9s de uma marca OEM \u00fanica em todas as colec\u00e7\u00f5es de mobili\u00e1rio de p\u00e1tio.<\/li>\n<li>As empresas de aluguer de eventos dependem de um envio r\u00e1pido e de uma qualidade certificada para opera\u00e7\u00f5es sem problemas em cen\u00e1rios de transporte e configura\u00e7\u00e3o frequentes.<\/li>\n<\/ul>\n<p>Estas informa\u00e7\u00f5es mostram que, para al\u00e9m da sombra, os guarda-chuvas devidamente certificados podem influenciar o ROI e elevar a perce\u00e7\u00e3o do cliente em v\u00e1rios sectores comerciais.<\/p>\n<h3>Certifica\u00e7\u00f5es e durabilidade no mundo real<\/h3>\n<p>A fiabilidade dos produtos de exterior come\u00e7a com o cumprimento das normas internacionais de seguran\u00e7a e desempenho. Os nossos guarda-chuvas s\u00e3o submetidos a testes rigorosos em condi\u00e7\u00f5es vari\u00e1veis para garantir a sua integridade estrutural a longo prazo.<\/p>\n<ul>\n<li>\u2705 Certificado para <strong>UL4041<\/strong> (Am\u00e9rica do Norte) e <strong>EN581<\/strong> (Europa), cumprindo normas rigorosas de resist\u00eancia ao vento e de suporte de carga.<\/li>\n<li>Certifica\u00e7\u00f5es adicionais, tais como <strong>AFRDI<\/strong>, <strong>SGS<\/strong>, <strong>EN12520<\/strong>, e <strong>BSCI<\/strong> verificar um desempenho est\u00e1vel em diversos climas.<\/li>\n<li>A engenharia de n\u00edvel contratual garante um funcionamento sustentado em condi\u00e7\u00f5es de muito tr\u00e1fego e vento, onde os modelos de n\u00edvel de consumidor falham.<\/li>\n<\/ul>\n<p>Esta combina\u00e7\u00e3o de certifica\u00e7\u00f5es inter-regionais oferece aos compradores uma garantia verific\u00e1vel de que os produtos podem suportar uma utiliza\u00e7\u00e3o comercial cont\u00ednua.<\/p>\n<h3>Fiabilidade operacional na implanta\u00e7\u00e3o comercial<\/h3>\n<p>Para al\u00e9m da qualidade do produto, a fiabilidade da entrega e a previsibilidade dos prazos s\u00e3o fundamentais para as opera\u00e7\u00f5es comerciais. Na nossa experi\u00eancia, o equil\u00edbrio entre a precis\u00e3o do fabrico e a efici\u00eancia log\u00edstica desempenha um papel importante na satisfa\u00e7\u00e3o do cliente.<\/p>\n<ul>\n<li>\u23f1\ufe0f Os prazos de fabrico variam normalmente entre <strong>30 a 50 dias<\/strong> ap\u00f3s o dep\u00f3sito, dando tempo para o controlo de qualidade e a coordena\u00e7\u00e3o.<\/li>\n<li>\ud83d\udcb0 Descontos por grosso at\u00e9 <strong>20%<\/strong> custos de aquisi\u00e7\u00e3o mais baixos para encomendas comerciais em grande escala.<\/li>\n<li>Os clientes beneficiam de uma cadeia de abastecimento global fi\u00e1vel com pre\u00e7os diretos da f\u00e1brica, assegurando uma comunica\u00e7\u00e3o transparente sem intermedi\u00e1rios.<\/li>\n<\/ul>\n<p>Este modelo operacional, aperfei\u00e7oado atrav\u00e9s de <strong>16 anos<\/strong> de experi\u00eancia de produ\u00e7\u00e3o, ajuda a manter um equil\u00edbrio entre a qualidade personalizada e os prazos de entrega fi\u00e1veis.<\/p>\n<h3>Equ\u00edvocos comuns e perspetiva cr\u00edtica<\/h3>\n<p>Muitas vezes, as avalia\u00e7\u00f5es p\u00fablicas deturpam o desempenho dos produtos de n\u00edvel comercial porque se baseiam em experi\u00eancias residenciais de curto prazo. As empresas precisam de dados derivados de uma utiliza\u00e7\u00e3o comercial prolongada.<\/p>\n<ul>\n<li>\u26a0\ufe0f As opini\u00f5es dos consumidores reflectem normalmente a utiliza\u00e7\u00e3o numa \u00fanica esta\u00e7\u00e3o e n\u00e3o a exposi\u00e7\u00e3o cont\u00ednua a condi\u00e7\u00f5es exteriores dif\u00edceis.<\/li>\n<li>Os testemunhos B2B verificados resultam de aplica\u00e7\u00f5es ao longo de v\u00e1rios anos em locais de elevado tr\u00e1fego com equipas de manuten\u00e7\u00e3o profissionais.<\/li>\n<li>As certifica\u00e7\u00f5es de terceiros e as m\u00e9tricas log\u00edsticas criam provas objectivas que ultrapassam as opini\u00f5es subjectivas dos utilizadores.<\/li>\n<\/ul>\n<p>Este contraste sublinha a import\u00e2ncia de analisar os produtos atrav\u00e9s de uma perspetiva comercial, apoiada por testes certificados e provas operacionais a longo prazo.<\/p>\n<h2>Perguntas frequentes sobre guarda-chuvas de p\u00e1tio de 3 n\u00edveis<\/h2>\n<div class=\"faq-container\" style=\"margin-top: 20px;\">\n<details class=\"faq-item\" style=\"margin-bottom: 15px; border: 1px solid #e5e5e5; border-radius: 5px; padding: 15px; background-color: #fff;\">\n<summary style=\"font-size: 18px; color: #fa8500; font-weight: 600; cursor: pointer;\">Os guarda-chuvas de 3 n\u00edveis s\u00e3o melhores para o vento?<\/summary>\n<div class=\"faq-content\" style=\"margin-top: 12px; color: #333; line-height: 1.6;\">\n<p>Sim. Na nossa experi\u00eancia, um <strong>Guarda-sol de p\u00e1tio de 3 n\u00edveis<\/strong> oferece uma melhor resist\u00eancia ao vento em compara\u00e7\u00e3o com os modelos de camada \u00fanica. As m\u00faltiplas camadas ventiladas permitem a passagem do ar, reduzindo a acumula\u00e7\u00e3o de press\u00e3o sob o toldo.<\/p>\n<p>Muitos clientes comerciais em zonas costeiras ou de ventos fortes escolhem modelos de 3 n\u00edveis porque s\u00e3o mais est\u00e1veis e menos suscept\u00edveis de se levantarem. Quando combinados com uma estrutura de alum\u00ednio refor\u00e7ado, o desempenho em ventos de at\u00e9 <strong>35-40 mph<\/strong> pode ser alcan\u00e7ado com seguran\u00e7a com uma ancoragem adequada.<\/p>\n<\/div>\n<\/details>\n<details class=\"faq-item\" style=\"margin-bottom: 15px; border: 1px solid #e5e5e5; border-radius: 5px; padding: 15px; background-color: #fff;\">\n<summary style=\"font-size: 18px; color: #fa8500; font-weight: 600; cursor: pointer;\">Os chap\u00e9us-de-chuva de 3 camadas deixam cair a chuva?<\/summary>\n<div class=\"faq-content\" style=\"margin-top: 12px; color: #333; line-height: 1.6;\">\n<p>N\u00e3o. O design de tr\u00eas camadas inclui aberturas ventiladas para o fluxo de ar, mas as camadas deslocadas sobrep\u00f5em-se o suficiente para desviar a chuva. A \u00e1gua escorre naturalmente atrav\u00e9s dos bordos da cobertura, em vez de se infiltrar nas camadas.<\/p>\n<p>As op\u00e7\u00f5es de tecido da Patiofurnituresco - como o poli\u00e9ster tingido em solu\u00e7\u00e3o e o acr\u00edlico - apresentam revestimentos repelentes de \u00e1gua que garantem uma excelente prote\u00e7\u00e3o contra a chuva, mesmo durante tempestades ligeiras. A manuten\u00e7\u00e3o regular do tecido ajuda a manter a resist\u00eancia \u00e0 \u00e1gua ao longo do tempo.<\/p>\n<\/div>\n<\/details>\n<details class=\"faq-item\" style=\"margin-bottom: 15px; border: 1px solid #e5e5e5; border-radius: 5px; padding: 15px; background-color: #fff;\">\n<summary style=\"font-size: 18px; color: #fa8500; font-weight: 600; cursor: pointer;\">Qual \u00e9 a vantagem de um guarda-chuva escalonado?<\/summary>\n<div class=\"faq-content\" style=\"margin-top: 12px; color: #333; line-height: 1.6;\">\n<p>Um guarda-chuva em camadas combina vantagens funcionais e est\u00e9ticas. A sua estrutura ventilada aumenta a estabilidade do vento, enquanto a silhueta em camadas confere um aspeto arquitet\u00f3nico distinto aos ambientes exteriores.<\/p>\n<ul>\n<li>Melhor fluxo de ar para resist\u00eancia ao vento<\/li>\n<li>Redu\u00e7\u00e3o da acumula\u00e7\u00e3o de calor sob a copa das \u00e1rvores<\/li>\n<li>Apelo visual \u00fanico, ao estilo de um resort<\/li>\n<\/ul>\n<p>Esta combina\u00e7\u00e3o de desempenho e design torna os guarda-s\u00f3is de 3 n\u00edveis especialmente populares para hot\u00e9is, caf\u00e9s e est\u00e2ncias balneares que procuram solu\u00e7\u00f5es de sombreamento elegantes e duradouras.<\/p>\n<\/div>\n<\/details>\n<details class=\"faq-item\" style=\"margin-bottom: 15px; border: 1px solid #e5e5e5; border-radius: 5px; padding: 15px; background-color: #fff;\">\n<summary style=\"font-size: 18px; color: #fa8500; font-weight: 600; cursor: pointer;\">O melhor guarda-sol de p\u00e1tio ventilado?<\/summary>\n<div class=\"faq-content\" style=\"margin-top: 12px; color: #333; line-height: 1.6;\">\n<p>Os melhores guarda-chuvas de p\u00e1tio ventilados s\u00e3o os concebidos para o fluxo de ar e a integridade estrutural. Na nossa linha de fabrico, o <strong>Guarda-sol de p\u00e1tio de 3 n\u00edveis<\/strong> \u00e9 ideal para zonas ventosas gra\u00e7as \u00e0 sua capota com tripla ventila\u00e7\u00e3o e \u00e0s suas nervuras refor\u00e7adas.<\/p>\n<p>Ao avaliar as op\u00e7\u00f5es, estabele\u00e7a prioridades:<\/p>\n<ul>\n<li>Refor\u00e7os em alum\u00ednio ou fibra de vidro para maior flexibilidade<\/li>\n<li>Sistema de ventila\u00e7\u00e3o duplo ou triplo para circula\u00e7\u00e3o de ar<\/li>\n<li>Tecido resistente aos raios UV e repelente de \u00e1gua para maior durabilidade<\/li>\n<\/ul>\n<p>Estas carater\u00edsticas garantem um desempenho consistente da sombra em condi\u00e7\u00f5es climat\u00e9ricas vari\u00e1veis durante todo o ano. \ud83d\ude80<\/p>\n<\/div>\n<\/details>\n<details class=\"faq-item\" style=\"margin-bottom: 15px; border: 1px solid #e5e5e5; border-radius: 5px; padding: 15px; background-color: #fff;\">\n<summary style=\"font-size: 18px; color: #fa8500; font-weight: 600; cursor: pointer;\">O estilo pagode \u00e9 apenas visual?<\/summary>\n<div class=\"faq-content\" style=\"margin-top: 12px; color: #333; line-height: 1.6;\">\n<p>A forma de pagode n\u00e3o \u00e9 meramente decorativa. Ao mesmo tempo que confere um perfil elegante, de inspira\u00e7\u00e3o oriental, a sua estrutura em camadas tamb\u00e9m melhora a ventila\u00e7\u00e3o e o equil\u00edbrio geral da cobertura.<\/p>\n<p>Os compradores comerciais preferem frequentemente os guarda-chuvas de 3 n\u00edveis tipo pagode porque combinam a eleg\u00e2ncia visual com o controlo pr\u00e1tico do fluxo de ar, ajudando os estabelecimentos a destacarem-se e a manterem-se seguros em locais com vento.<\/p>\n<\/div>\n<\/details>\n<\/div>\n<h2>Considera\u00e7\u00f5es finais<\/h2>\n<p>O guarda-sol de p\u00e1tio ventilado de 3 n\u00edveis destaca-se como um equil\u00edbrio entre a precis\u00e3o da engenharia e o design est\u00e9tico. A sua estrutura de cobertura em camadas canaliza eficazmente o fluxo de ar, protegendo contra a invers\u00e3o e reduzindo a acumula\u00e7\u00e3o de calor por baixo. As arma\u00e7\u00f5es de alum\u00ednio refor\u00e7ado, os tecidos resistentes aos raios UV e as classifica\u00e7\u00f5es de vento testadas acrescentam fiabilidade para aplica\u00e7\u00f5es residenciais e comerciais em ambientes de elevada exposi\u00e7\u00e3o.<\/p>\n<p>Para as empresas e os promotores imobili\u00e1rios, esta combina\u00e7\u00e3o de estilo e resist\u00eancia significa menos substitui\u00e7\u00f5es, opera\u00e7\u00f5es mais seguras e uma experi\u00eancia consistente para os h\u00f3spedes. A parceria com um fabricante experiente garante que cada unidade cumpre as certifica\u00e7\u00f5es de desempenho e chega pronta para uma utiliza\u00e7\u00e3o a longo prazo, apoiando a efici\u00eancia operacional e a credibilidade da marca em todos os ambientes exteriores.<\/p>","protected":false},"excerpt":{"rendered":"<p>Strong, unpredictable wind can turn an ordinary patio umbrella into a safety hazard or leave outdoor spaces unusable. Many buyers in windy areas look for a balance of durability, airflow, and visual appeal\u2014and wonder if a 3 tier patio umbrella can truly deliver that stability. This guide explores what defines a 3-tier vented umbrella, how [&hellip;]<\/p>","protected":false},"author":1,"featured_media":27588357,"comment_status":"open","ping_status":"open","sticky":false,"template":"","format":"standard","meta":{"_et_pb_use_builder":"","_et_pb_old_content":"","_et_gb_content_width":"","footnotes":""},"categories":[15],"tags":[],"dipi_cpt_category":[],"class_list":["post-27588342","post","type-post","status-publish","format-standard","has-post-thumbnail","hentry","category-patio-umbrellas"],"_links":{"self":[{"href":"https:\/\/patiofurnituresco.com\/pt\/wp-json\/wp\/v2\/posts\/27588342","targetHints":{"allow":["GET"]}}],"collection":[{"href":"https:\/\/patiofurnituresco.com\/pt\/wp-json\/wp\/v2\/posts"}],"about":[{"href":"https:\/\/patiofurnituresco.com\/pt\/wp-json\/wp\/v2\/types\/post"}],"author":[{"embeddable":true,"href":"https:\/\/patiofurnituresco.com\/pt\/wp-json\/wp\/v2\/users\/1"}],"replies":[{"embeddable":true,"href":"https:\/\/patiofurnituresco.com\/pt\/wp-json\/wp\/v2\/comments?post=27588342"}],"version-history":[{"count":5,"href":"https:\/\/patiofurnituresco.com\/pt\/wp-json\/wp\/v2\/posts\/27588342\/revisions"}],"predecessor-version":[{"id":27588361,"href":"https:\/\/patiofurnituresco.com\/pt\/wp-json\/wp\/v2\/posts\/27588342\/revisions\/27588361"}],"wp:featuredmedia":[{"embeddable":true,"href":"https:\/\/patiofurnituresco.com\/pt\/wp-json\/wp\/v2\/media\/27588357"}],"wp:attachment":[{"href":"https:\/\/patiofurnituresco.com\/pt\/wp-json\/wp\/v2\/media?parent=27588342"}],"wp:term":[{"taxonomy":"category","embeddable":true,"href":"https:\/\/patiofurnituresco.com\/pt\/wp-json\/wp\/v2\/categories?post=27588342"},{"taxonomy":"post_tag","embeddable":true,"href":"https:\/\/patiofurnituresco.com\/pt\/wp-json\/wp\/v2\/tags?post=27588342"},{"taxonomy":"dipi_cpt_category","embeddable":true,"href":"https:\/\/patiofurnituresco.com\/pt\/wp-json\/wp\/v2\/dipi_cpt_category?post=27588342"}],"curies":[{"name":"wp","href":"https:\/\/api.w.org\/{rel}","templated":true}]}}