{"id":27588517,"date":"2025-12-06T11:12:51","date_gmt":"2025-12-06T11:12:51","guid":{"rendered":"https:\/\/patiofurnituresco.com\/?p=27588517"},"modified":"2025-12-06T11:12:54","modified_gmt":"2025-12-06T11:12:54","slug":"meias-sombrinhas-que-economizam-espaco-para-pequenas-varandas","status":"publish","type":"post","link":"https:\/\/patiofurnituresco.com\/pt\/meias-sombrinhas-que-economizam-espaco-para-pequenas-varandas\/","title":{"rendered":"Os melhores guarda-chuvas de meia haste de 2026 (para varandas e pequenos p\u00e1tios)"},"content":{"rendered":"<p>As varandas pequenas n\u00e3o t\u00eam muitas vezes espa\u00e7o para guarda-chuvas de p\u00e1tio de tamanho normal, deixando os residentes com op\u00e7\u00f5es de sombra limitadas. Um meio guarda-chuva resolve este problema com um design de costas planas que se encaixa perfeitamente nas paredes ou grades, oferecendo conforto sem ocupar uma \u00e1rea valiosa do ch\u00e3o.<\/p>\n<p>Este guia analisa os melhores meios guarda-chuvas de 2026, explica como o seu design resolve os desafios de espa\u00e7os pequenos e descreve as principais carater\u00edsticas a considerar - desde os materiais e a instala\u00e7\u00e3o at\u00e9 aos cuidados a ter - para que os moradores de apartamentos possam criar varandas funcionais e sombreadas com facilidade.<\/p>\n<h2>Os 10 melhores meios guarda-chuvas para varandas pequenas em 2026<\/h2>\n<p>As varandas pequenas requerem solu\u00e7\u00f5es de sombra inteligentes que poupem espa\u00e7o sem perder o apelo do design ou a funcionalidade. Esta lista apresenta os melhores meios guarda-chuvas para 2026 que combinam durabilidade, engenharia cuidadosa e design compacto para criar espa\u00e7os exteriores confort\u00e1veis, mesmo quando o espa\u00e7o \u00e9 reduzido.<\/p>\n<p><!-- 1 --><\/p>\n<h3>1. Patiofurnituresco (Taizhou, Zhejiang, China)<\/h3>\n<p>A Patiofurnituresco distingue-se como uma empresa B2B <a href=\"https:\/\/patiofurnituresco.com\/pt\/fabricante-de-assentos-para-exteriores\/\" data-wpil-monitor-id=\"376\">fabricante especializado em produtos para exteriores de qualidade profissional<\/a> m\u00f3veis com <strong>16 anos<\/strong> de experi\u00eancia. Os seus meios guarda-chuvas s\u00e3o constru\u00eddos de acordo com as normas mundiais, tais como <strong>UL4041<\/strong> e <strong>EN581<\/strong>, A sua utiliza\u00e7\u00e3o \u00e9 muito simples, garantindo um desempenho a longo prazo em ambientes comerciais.<\/p>\n<p>Esta marca suporta a personaliza\u00e7\u00e3o OEM\/ODM, MOQs flex\u00edveis e ciclos de produ\u00e7\u00e3o r\u00e1pidos de <strong>30 a 50 dias<\/strong>. Para projectos de varandas em hot\u00e9is, resorts ou empreendimentos residenciais, os seus guarda-chuvas combinam durabilidade com um design elegante adequado a layouts compactos.<\/p>\n<table style=\"width: 100%; border-collapse: collapse; margin: 20px 0;\">\n<thead style=\"background: #9C1319; color: #ffffff;\">\n<tr>\n<th style=\"padding: 15px; border: 1px solid #ddd;\">\u2705 O que adoramos<\/th>\n<th style=\"padding: 15px; border: 1px solid #ddd;\">\u274c Aspectos a considerar<\/th>\n<\/tr>\n<\/thead>\n<tbody>\n<tr>\n<td style=\"padding: 15px; border: 1px solid #ddd;\">\n<ul>\n<li>Baixos MOQs para encomendas piloto e em grande escala<\/li>\n<li>Entrega r\u00e1pida de amostras e produ\u00e7\u00e3o escal\u00e1vel<\/li>\n<li>Qualidade certificada de n\u00edvel de contrato que cumpre as normas de seguran\u00e7a globais<\/li>\n<\/ul>\n<\/td>\n<td style=\"padding: 15px; border: 1px solid #ddd;\">\n<ul>\n<li>\u26a0\ufe0f Centrado principalmente em clientes B2B e n\u00e3o em compradores individuais a retalho<\/li>\n<\/ul>\n<\/td>\n<\/tr>\n<\/tbody>\n<\/table>\n<p><!-- 2 --><\/p>\n<h3>2. Pure Garden (Fairfield, Ohio, EUA)<\/h3>\n<p>Pure Garden \u00e9 uma das op\u00e7\u00f5es mais econ\u00f3micas para varandas pequenas. As suas <strong>2,7 m<\/strong> Meia de a\u00e7o para exterior <a href=\"https:\/\/patiofurnituresco.com\/pt\/guarda-sois-quadrados-vs-redondos-para-patios-estilo-de-sombra\/\" data-wpil-monitor-id=\"370\">Guarda-chuva redondo<\/a> proporciona uma sombra fi\u00e1vel para varandas ou mesas at\u00e9 <strong>48 polegadas<\/strong> amplo. Com pre\u00e7os entre <strong>$35-$45<\/strong>, est\u00e1 amplamente dispon\u00edvel na Home Depot e na Amazon.<\/p>\n<p>Este produto \u00e9 ideal para uma utiliza\u00e7\u00e3o sazonal de curta dura\u00e7\u00e3o, mas menos adequado para uma exposi\u00e7\u00e3o prolongada ou para regi\u00f5es com ventos fortes, devido \u00e0 sua estrutura b\u00e1sica em poli\u00e9ster e \u00e0 estrutura em a\u00e7o.<\/p>\n<table style=\"width: 100%; border-collapse: collapse; margin: 20px 0;\">\n<thead style=\"background: #9C1319; color: #ffffff;\">\n<tr>\n<th style=\"padding: 15px; border: 1px solid #ddd;\">\u2705 O que adoramos<\/th>\n<th style=\"padding: 15px; border: 1px solid #ddd;\">\u274c Aspectos a considerar<\/th>\n<\/tr>\n<\/thead>\n<tbody>\n<tr>\n<td style=\"padding: 15px; border: 1px solid #ddd;\">\n<ul>\n<li>Gama de pre\u00e7os muito acess\u00edvel<\/li>\n<li>Amplamente dispon\u00edvel nos principais retalhistas dos EUA<\/li>\n<li>Design de cobertura semi-redonda eficiente em termos de espa\u00e7o<\/li>\n<\/ul>\n<\/td>\n<td style=\"padding: 15px; border: 1px solid #ddd;\">\n<ul>\n<li>\u26a0\ufe0f Os materiais de base reduzem a durabilidade a longo prazo<\/li>\n<li>Muitas vezes vendido separadamente da base<\/li>\n<\/ul>\n<\/td>\n<\/tr>\n<\/tbody>\n<\/table>\n<p><!-- 3 --><\/p>\n<h3>3. Outsunny (Wilsonville, Oregon, EUA)<\/h3>\n<p>A Outsunny, uma marca da Aosom LLC, centra-se em pr\u00e1ticos guarda-s\u00f3is de varanda com prote\u00e7\u00e3o UPF <strong>30+<\/strong> tecido, elevador de manivela e ventila\u00e7\u00e3o para o fluxo de ar. Pre\u00e7os entre <strong>$60\u2013$90<\/strong>, A gama de cores da marca, que oferece op\u00e7\u00f5es de sombra acess\u00edveis para os inquilinos e para os decoradores principiantes.<\/p>\n<p>A estrutura de a\u00e7o leve do guarda-chuva facilita a sua montagem e desloca\u00e7\u00e3o, embora limite a durabilidade de n\u00edvel comercial.<\/p>\n<table style=\"width: 100%; border-collapse: collapse; margin: 20px 0;\">\n<thead style=\"background: #9C1319; color: #ffffff;\">\n<tr>\n<th style=\"padding: 15px; border: 1px solid #ddd;\">\u2705 O que adoramos<\/th>\n<th style=\"padding: 15px; border: 1px solid #ddd;\">\u274c Aspectos a considerar<\/th>\n<\/tr>\n<\/thead>\n<tbody>\n<tr>\n<td style=\"padding: 15px; border: 1px solid #ddd;\">\n<ul>\n<li>Variedade de cores de toldos e op\u00e7\u00f5es de arma\u00e7\u00e3o<\/li>\n<li>Pre\u00e7os competitivos com promo\u00e7\u00f5es frequentes<\/li>\n<li>O design ventilado melhora o conforto em climas quentes<\/li>\n<\/ul>\n<\/td>\n<td style=\"padding: 15px; border: 1px solid #ddd;\">\n<ul>\n<li>\u26a0\ufe0f Estrutura em a\u00e7o menos dur\u00e1vel em condi\u00e7\u00f5es costeiras<\/li>\n<li>Apenas grau residencial<\/li>\n<\/ul>\n<\/td>\n<\/tr>\n<\/tbody>\n<\/table>\n<p><!-- 4 --><\/p>\n<h3>4. WestinTrends (Commerce, Calif\u00f3rnia, EUA)<\/h3>\n<p>Lanai do WestinTrends <strong>2,7 m<\/strong> Metade <a href=\"https:\/\/patiofurnituresco.com\/pt\/guarda-sois-para-patios-selecao-de-sombras-duraveis-2025\/\" data-wpil-monitor-id=\"362\">Guarda-sol de p\u00e1tio<\/a> encostam-se \u00e0s paredes ou \u00e0s portas das varandas, poupando espa\u00e7o no ch\u00e3o. A marca centra-se em solu\u00e7\u00f5es compactas e elegantes com conjuntos de mobili\u00e1rio coordenados para uma disposi\u00e7\u00e3o coesa das varandas.<\/p>\n<p>Com uma gama de pre\u00e7os de <strong>$60\u2013$90<\/strong>, O seu design \u00e9 mais adequado para compradores de or\u00e7amento m\u00e9dio que procuram consist\u00eancia no design do que uma constru\u00e7\u00e3o robusta.<\/p>\n<table style=\"width: 100%; border-collapse: collapse; margin: 20px 0;\">\n<thead style=\"background: #9C1319; color: #ffffff;\">\n<tr>\n<th style=\"padding: 15px; border: 1px solid #ddd;\">\u2705 O que adoramos<\/th>\n<th style=\"padding: 15px; border: 1px solid #ddd;\">\u274c Aspectos a considerar<\/th>\n<\/tr>\n<\/thead>\n<tbody>\n<tr>\n<td style=\"padding: 15px; border: 1px solid #ddd;\">\n<ul>\n<li>Concebida especificamente para espa\u00e7os estreitos<\/li>\n<li>Mobili\u00e1rio de varanda coordenado dispon\u00edvel<\/li>\n<li>Gama de pre\u00e7os m\u00e9dia atractiva<\/li>\n<\/ul>\n<\/td>\n<td style=\"padding: 15px; border: 1px solid #ddd;\">\n<ul>\n<li>\u26a0\ufe0f Limitado a materiais de qualidade residencial<\/li>\n<li>Restri\u00e7\u00e3o da distribui\u00e7\u00e3o a retalho<\/li>\n<\/ul>\n<\/td>\n<\/tr>\n<\/tbody>\n<\/table>\n<p><!-- 5 --><\/p>\n<h3>5. Arlmont &amp; Co. (Boston, Massachusetts, EUA)<\/h3>\n<p>A Arlmont &amp; Co., que faz parte da rede de marcas privadas da Wayfair, oferece um toque de design com a Tasheba <strong>2,7 m<\/strong> Meia franja cl\u00e1ssica <a href=\"https:\/\/patiofurnituresco.com\/pt\/guarda-sois-de-mercado-vs-guarda-sois-de-patio-escolhendo-solucoes-de-sombra\/\" data-wpil-monitor-id=\"366\">Guarda-chuva de mercado<\/a>. A estrutura de alum\u00ednio e a prote\u00e7\u00e3o UPF <strong>50<\/strong> A cobertura confere-lhe maior prote\u00e7\u00e3o e portabilidade.<\/p>\n<p>\u00c9 uma escolha elegante e de gama m\u00e9dia (<strong>$120-$180<\/strong>) para compradores preocupados com o design que exigem um desempenho e um aspeto superiores.<\/p>\n<table style=\"width: 100%; border-collapse: collapse; margin: 20px 0;\">\n<thead style=\"background: #9C1319; color: #ffffff;\">\n<tr>\n<th style=\"padding: 15px; border: 1px solid #ddd;\">\u2705 O que adoramos<\/th>\n<th style=\"padding: 15px; border: 1px solid #ddd;\">\u274c Aspectos a considerar<\/th>\n<\/tr>\n<\/thead>\n<tbody>\n<tr>\n<td style=\"padding: 15px; border: 1px solid #ddd;\">\n<ul>\n<li>O tecido UPF 50 proporciona uma excelente prote\u00e7\u00e3o UV<\/li>\n<li>Poste de alum\u00ednio leve e resistente \u00e0 ferrugem<\/li>\n<li>Desenhos decorativos recortados dispon\u00edveis<\/li>\n<\/ul>\n<\/td>\n<td style=\"padding: 15px; border: 1px solid #ddd;\">\n<ul>\n<li>\u26a0\ufe0f Vendido exclusivamente atrav\u00e9s da Wayfair<\/li>\n<li>Custo mais elevado em compara\u00e7\u00e3o com os modelos b\u00e1sicos<\/li>\n<\/ul>\n<\/td>\n<\/tr>\n<\/tbody>\n<\/table>\n<p><!-- 6 --><\/p>\n<h3>6. TASDISE (Ningbo, Zhejiang, China)<\/h3>\n<p>A TASDISE centra-se na metade OEM e ODM <a href=\"https:\/\/patiofurnituresco.com\/pt\/manutencao-do-fecho-do-guarda-sol-do-patio\/\" data-wpil-monitor-id=\"367\">guarda-s\u00f3is de p\u00e1tio<\/a> para importadores e clientes de marcas privadas. Com pre\u00e7os a partir de <strong>$50-$100<\/strong>, A sua gama inclui guarda-chuvas de mercado completos e de meio guarda-chuva, utilizando materiais de alum\u00ednio ou de a\u00e7o.<\/p>\n<p>A marca serve distribuidores retalhistas e revendedores B2B, oferecendo op\u00e7\u00f5es de personaliza\u00e7\u00e3o, embora as quantidades m\u00ednimas e os prazos de entrega possam ser limitativos para as micro encomendas.<\/p>\n<table style=\"width: 100%; border-collapse: collapse; margin: 20px 0;\">\n<thead style=\"background: #9C1319; color: #ffffff;\">\n<tr>\n<th style=\"padding: 15px; border: 1px solid #ddd;\">\u2705 O que adoramos<\/th>\n<th style=\"padding: 15px; border: 1px solid #ddd;\">\u274c Aspectos a considerar<\/th>\n<\/tr>\n<\/thead>\n<tbody>\n<tr>\n<td style=\"padding: 15px; border: 1px solid #ddd;\">\n<ul>\n<li>Capacidades flex\u00edveis de OEM\/ODM para a cria\u00e7\u00e3o de marcas<\/li>\n<li>Pre\u00e7os competitivos para os distribuidores<\/li>\n<li>Vasta gama de produtos, incluindo guarda-chuvas aut\u00f3nomos<\/li>\n<\/ul>\n<\/td>\n<td style=\"padding: 15px; border: 1px solid #ddd;\">\n<ul>\n<li>\u26a0\ufe0f Reconhecimento internacional limitado<\/li>\n<li>Prazos de entrega mais longos para pequenas encomendas<\/li>\n<\/ul>\n<\/td>\n<\/tr>\n<\/tbody>\n<\/table>\n<p><!-- 7 --><\/p>\n<h3>7. PHI VILLA (Foshan, Guangdong, China)<\/h3>\n<p>PHI VILLA fornece refei\u00e7\u00f5es ao ar livre coordenadas e <a href=\"https:\/\/patiofurnituresco.com\/pt\/guarda-sois-pequenos-para-patios-economia-de-espaco-sombra-varandas-compactas\/\" data-wpil-monitor-id=\"365\">conjuntos de meio guarda-chuva adaptados a p\u00e1tios pequenos<\/a>. Com arma\u00e7\u00f5es revestidas a p\u00f3 e coberturas de poli\u00e9ster ventiladas, os pre\u00e7os variam entre <strong>$70-$120<\/strong>.<\/p>\n<p>Com normas de embalagem rigorosas e fornecimento direto da f\u00e1brica, fornece um volume fi\u00e1vel aos retalhistas, mas os produtos continuam a centrar-se no sector residencial.<\/p>\n<table style=\"width: 100%; border-collapse: collapse; margin: 20px 0;\">\n<thead style=\"background: #9C1319; color: #ffffff;\">\n<tr>\n<th style=\"padding: 15px; border: 1px solid #ddd;\">\u2705 O que adoramos<\/th>\n<th style=\"padding: 15px; border: 1px solid #ddd;\">\u274c Aspectos a considerar<\/th>\n<\/tr>\n<\/thead>\n<tbody>\n<tr>\n<td style=\"padding: 15px; border: 1px solid #ddd;\">\n<ul>\n<li>Pacotes integrados de guarda-chuvas e mobili\u00e1rio<\/li>\n<li>Personaliza\u00e7\u00e3o direta da f\u00e1brica para compradores em volume<\/li>\n<li>Bom equil\u00edbrio entre custo e qualidade<\/li>\n<\/ul>\n<\/td>\n<td style=\"padding: 15px; border: 1px solid #ddd;\">\n<ul>\n<li>\u26a0\ufe0f Grande depend\u00eancia dos mercados em linha<\/li>\n<li>Apenas projeto de n\u00edvel residencial<\/li>\n<\/ul>\n<\/td>\n<\/tr>\n<\/tbody>\n<\/table>\n<p><!-- 8 --><\/p>\n<h3>8. SONGMICS (Duisburg, Alemanha)<\/h3>\n<p>A SONGMICS oferece meios guarda-chuvas com <strong>2,4\u20132,7 m<\/strong> toldos concebidos para apartamentos e varandas. Com armaz\u00e9ns regionais e uma log\u00edstica de com\u00e9rcio eletr\u00f3nico de confian\u00e7a, a marca garante um r\u00e1pido cumprimento em toda a Europa e Am\u00e9rica do Norte.<\/p>\n<p>Os pre\u00e7os variam entre <strong>$60-$100<\/strong>, tornando-a uma op\u00e7\u00e3o fi\u00e1vel para uma qualidade e conveni\u00eancia consistentes, embora n\u00e3o disponha de flexibilidade de marca pr\u00f3pria para os distribuidores B2B.<\/p>\n<table style=\"width: 100%; border-collapse: collapse; margin: 20px 0;\">\n<thead style=\"background: #9C1319; color: #ffffff;\">\n<tr>\n<th style=\"padding: 15px; border: 1px solid #ddd;\">\u2705 O que adoramos<\/th>\n<th style=\"padding: 15px; border: 1px solid #ddd;\">\u274c Aspectos a considerar<\/th>\n<\/tr>\n<\/thead>\n<tbody>\n<tr>\n<td style=\"padding: 15px; border: 1px solid #ddd;\">\n<ul>\n<li>Envio r\u00e1pido a partir de armaz\u00e9ns regionais<\/li>\n<li>Grande base de avalia\u00e7\u00e3o de clientes para fiabilidade<\/li>\n<li>Os designs compactos adaptam-se \u00e0 maioria das varandas<\/li>\n<\/ul>\n<\/td>\n<td style=\"padding: 15px; border: 1px solid #ddd;\">\n<ul>\n<li>\u26a0\ufe0f Personaliza\u00e7\u00e3o limitada para compradores B2B<\/li>\n<li>A proemin\u00eancia da marca pode limitar a revenda de marcas de distribuidor<\/li>\n<\/ul>\n<\/td>\n<\/tr>\n<\/tbody>\n<\/table>\n<p><!-- 9 --><\/p>\n<h3>9. vidaXL (Venlo, Limburgo, Pa\u00edses Baixos)<\/h3>\n<p>A vidaXL fornece meios guarda-chuvas econ\u00f3micos em toda a UE, EUA e Austr\u00e1lia com suporte de entrega local r\u00e1pida. Os tamanhos t\u00edpicos s\u00e3o <strong>2.7-3.0 m<\/strong> de largura, ao pre\u00e7o de <strong>\u20ac40-\u20ac80<\/strong>.<\/p>\n<p>Os produtos apresentam estruturas simples em a\u00e7o e coberturas em poli\u00e9ster, ideais para utiliza\u00e7\u00e3o ligeira ou varandas de resid\u00eancias de estudantes, embora a personaliza\u00e7\u00e3o seja m\u00ednima.<\/p>\n<table style=\"width: 100%; border-collapse: collapse; margin: 20px 0;\">\n<thead style=\"background: #9C1319; color: #ffffff;\">\n<tr>\n<th style=\"padding: 15px; border: 1px solid #ddd;\">\u2705 O que adoramos<\/th>\n<th style=\"padding: 15px; border: 1px solid #ddd;\">\u274c Aspectos a considerar<\/th>\n<\/tr>\n<\/thead>\n<tbody>\n<tr>\n<td style=\"padding: 15px; border: 1px solid #ddd;\">\n<ul>\n<li>Pre\u00e7o inicial muito baixo<\/li>\n<li>Ampla cobertura europeia e execu\u00e7\u00e3o local<\/li>\n<li>Configura\u00e7\u00e3o e utiliza\u00e7\u00e3o f\u00e1ceis para apartamentos econ\u00f3micos<\/li>\n<\/ul>\n<\/td>\n<td style=\"padding: 15px; border: 1px solid #ddd;\">\n<ul>\n<li>\u26a0\ufe0f A constru\u00e7\u00e3o b\u00e1sica em a\u00e7o e poli\u00e9ster limita o tempo de vida \u00fatil<\/li>\n<li>Sem op\u00e7\u00f5es de personaliza\u00e7\u00e3o OEM<\/li>\n<\/ul>\n<\/td>\n<\/tr>\n<\/tbody>\n<\/table>\n<p>Cada uma destas marcas oferece vantagens \u00fanicas, dependendo das necessidades - quer seja a durabilidade direta da f\u00e1brica da Patiofurnituresco ou a conveni\u00eancia do or\u00e7amento da Pure Garden. Na nossa experi\u00eancia, os compradores comerciais e os promotores beneficiam mais com o fornecimento direto a fabricantes contratados que permitem a personaliza\u00e7\u00e3o do design, prazos de entrega est\u00e1veis e qualidade certificada.<\/p>\n<p><img loading=\"lazy\" decoding=\"async\" class=\"aligncenter size-full wp-image-27588535\" src=\"https:\/\/patiofurnituresco.com\/wp-content\/uploads\/2025\/12\/rectangular-half-wall-umbrella-apartment-balcony.webp\" alt=\"\" width=\"1344\" height=\"756\" srcset=\"https:\/\/patiofurnituresco.com\/wp-content\/uploads\/2025\/12\/rectangular-half-wall-umbrella-apartment-balcony.webp 1344w, https:\/\/patiofurnituresco.com\/wp-content\/uploads\/2025\/12\/rectangular-half-wall-umbrella-apartment-balcony-1280x720.webp 1280w, https:\/\/patiofurnituresco.com\/wp-content\/uploads\/2025\/12\/rectangular-half-wall-umbrella-apartment-balcony-980x551.webp 980w, https:\/\/patiofurnituresco.com\/wp-content\/uploads\/2025\/12\/rectangular-half-wall-umbrella-apartment-balcony-480x270.webp 480w\" sizes=\"(min-width: 0px) and (max-width: 480px) 480px, (min-width: 481px) and (max-width: 980px) 980px, (min-width: 981px) and (max-width: 1280px) 1280px, (min-width: 1281px) 1344px, 100vw\" \/><\/p>\n<h2>Como os meios guarda-chuvas resolvem os desafios de sombreamento de pequenas varandas<\/h2>\n<blockquote style=\"border-left: 4px solid #fa8500; padding: 12px 18px; margin: 20px 0; background-color: #f9f9f9;\"><p>Metade <a href=\"https:\/\/patiofurnituresco.com\/pt\/guarda-chuvas-portateis-com-tripe-joe-shade-vs-wondershade\/\" data-wpil-monitor-id=\"378\">guarda-s\u00f3is para sombreamento de pequenas varandas<\/a> desafios ao utilizar um design de meia copa com costas planas que se encosta a uma parede ou gradeamento, proporcionando uma sombra de tamanho normal (at\u00e9 cerca de <strong>2,7 m<\/strong> amplo e <strong>44 p\u00e9s quadrados<\/strong>) em espa\u00e7os apertados onde os guarda-chuvas redondos normais n\u00e3o cabem. A sua \u00e1rea de cobertura que se ajusta \u00e0 parede e as fun\u00e7\u00f5es de manivela\/inclina\u00e7\u00e3o permitem o sombreamento em varandas t\u00e3o estreitas como <strong>1,3-1,5 metros<\/strong> de profundidade sem obstruir os passeios.<\/p><\/blockquote>\n<p>As varandas urbanas raramente t\u00eam mais do que alguns metros quadrados de espa\u00e7o utiliz\u00e1vel, o que torna <a href=\"https:\/\/patiofurnituresco.com\/pt\/guarda-sois-de-27-m-tamanho-ideal-para-patios-residenciais\/\" data-wpil-monitor-id=\"363\">guarda-s\u00f3is de p\u00e1tio standard<\/a> dif\u00edcil de encaixar. O <strong>o melhor meio guarda-chuva<\/strong> foi criado para resolver este problema, oferecendo uma sombra eficiente em \u00e1reas estreitas sem comprometer o conforto ou a mobilidade.<\/p>\n<h3>Efici\u00eancia de espa\u00e7o: Tamanho e cobertura de sombra<\/h3>\n<p>Metade <a href=\"https:\/\/patiofurnituresco.com\/pt\/velas-de-sombra-vs-guarda-sois-comparacao-entre-sombreamento-externo\/\" data-wpil-monitor-id=\"379\">os guarda-s\u00f3is proporcionam uma sombra generosa<\/a> em locais onde os guarda-chuvas redondos s\u00e3o demasiado volumosos. T\u00eam um lado plano que se encosta a uma parede, mantendo o mastro e a base fora do passeio e mantendo a cobertura total do dossel.<\/p>\n<ul>\n<li>Pequeno t\u00edpico <a href=\"https:\/\/patiofurnituresco.com\/pt\/comparacao-entre-guarda-sois-e-gazebos-como-solucoes-de-sombreamento\/\" data-wpil-monitor-id=\"361\">guarda-s\u00f3is de p\u00e1tio<\/a> medida <strong>1,8\u20132,4 m<\/strong> de di\u00e2metro com cerca de <strong>33-44 p\u00e9s quadrados<\/strong> de sombra.<\/li>\n<li>Os meios guarda-chuvas t\u00eam frequentemente um <strong>2,7 m<\/strong> cobertura de meia-volta adaptada a varandas estreitas.<\/li>\n<li>Um exemplo mede <strong>52 em<\/strong> por <strong>92 em<\/strong>, montagem de varandas <strong>1.3-1.5 m<\/strong> de profundidade, deixando o espa\u00e7o livre no ch\u00e3o.<\/li>\n<li>Proporcionam mais ou menos a mesma sombra que um guarda-chuva redondo, mas com uma <strong>50%<\/strong> pegada mais pequena.<\/li>\n<\/ul>\n<p>Esta forma economizadora de espa\u00e7o torna a meia <a href=\"https:\/\/patiofurnituresco.com\/pt\/guia-de-compra-de-guarda-sois-grandes-para-patios-estabilidade-e-durabilidade\/\" data-wpil-monitor-id=\"371\">guarda-chuva ideal para varandas de apartamentos e p\u00e1tios apertados<\/a> onde cada cent\u00edmetro conta.<\/p>\n<h3>Carater\u00edsticas funcionais para utiliza\u00e7\u00e3o em varandas urbanas<\/h3>\n<p>Os meios guarda-chuvas combinam a simplicidade do design com o funcionamento pr\u00e1tico para se adequarem \u00e0 utiliza\u00e7\u00e3o di\u00e1ria em ambientes urbanos apertados.<\/p>\n<ul>\n<li>O seu design plano permite-lhes ficarem encostados a paredes ou grades, libertando espa\u00e7o valioso no ch\u00e3o.<\/li>\n<li>As estruturas leves e os sistemas de eleva\u00e7\u00e3o por manivela tornam a abertura e o fecho r\u00e1pidos, mesmo em \u00e1reas confinadas.<\/li>\n<li>\u26a0\ufe0f Os pesos de base recomendados variam entre <strong>55 lb<\/strong> para <strong>110 lb<\/strong> para lidar com a exposi\u00e7\u00e3o ao vento em varandas altas.<\/li>\n<li>Perfeito para apartamentos, condom\u00ednios e casas compactas <a href=\"https:\/\/patiofurnituresco.com\/pt\/bases-para-guarda-sois-de-patio-estabilidade-mobilidade\/\" data-wpil-monitor-id=\"372\">p\u00e1tios onde os guarda-chuvas normais<\/a> s\u00e3o imposs\u00edveis de manobrar.<\/li>\n<\/ul>\n<p>Na nossa experi\u00eancia de fabrico <a href=\"https:\/\/patiofurnituresco.com\/pt\/guarda-sois-retangulares-para-patios-solucoes-de-sombreamento-mesas-compridas\/\" data-wpil-monitor-id=\"368\">guarda-s\u00f3is de p\u00e1tio<\/a> para apartamentos urbanos, esta conce\u00e7\u00e3o continua a ser uma das solu\u00e7\u00f5es de sombreamento mais inteligentes em termos de espa\u00e7o.<\/p>\n<h3>Prote\u00e7\u00e3o solar e desempenho da sombra<\/h3>\n<p>Os meios guarda-chuvas oferecem uma cobertura de sombra concentrada adequada para pequenos espa\u00e7os exteriores. A sua forma maximiza a \u00e1rea de sombra exatamente onde as pessoas se sentam ou descansam.<\/p>\n<ul>\n<li>\u2705 Fornece <strong>33-44 p\u00e9s quadrados<\/strong> de sombra, suficiente para <strong>2-4<\/strong> bancos colocados ao longo da parede.<\/li>\n<li>A cobertura de costas planas funciona bem contra o sol do meio-dia, mas pode necessitar de um ajuste de inclina\u00e7\u00e3o para \u00e2ngulos matinais ou noturnos.<\/li>\n<li>Tecidos de alta qualidade com <strong>UPF 50+<\/strong> e o peso da cobertura acima de <strong>7 oz<\/strong> aumentam a prote\u00e7\u00e3o UV e a durabilidade.<\/li>\n<li>A sua sombra direcionada reduz o desperd\u00edcio de cobertura para al\u00e9m da borda da varanda, optimizando o espa\u00e7o de conforto utiliz\u00e1vel.<\/li>\n<\/ul>\n<p>Este foco no desempenho faz do meio guarda-chuva um forte investimento para os residentes que pretendem maximizar tanto a prote\u00e7\u00e3o solar como a efici\u00eancia espacial.<\/p>\n<h3>Responder a desafios e equ\u00edvocos comuns<\/h3>\n<p>H\u00e1 quem pense que os meios guarda-chuvas d\u00e3o apenas metade da sombra, mas n\u00e3o \u00e9 assim que funcionam. Foram concebidos para proporcionar uma cobertura compar\u00e1vel concentrada ao longo das paredes e dos corrim\u00f5es utiliz\u00e1veis.<\/p>\n<ul>\n<li>Os guarda-chuvas redondos completos necessitam de um espa\u00e7o amplo para se inclinarem e rodarem, ocupando demasiado espa\u00e7o no <strong>1.2-1.5 m<\/strong> varandas profundas.<\/li>\n<li>Meio guarda-chuva recuperado <strong>25-40%<\/strong> de \u00e1rea \u00fatil alinhando o lado plano com uma parede.<\/li>\n<li>\u26a0\ufe0f As cargas de vento s\u00e3o mais baixas gra\u00e7as \u00e0 exposi\u00e7\u00e3o reduzida da copa das \u00e1rvores, e as bases mais pesadas garantem <a href=\"https:\/\/patiofurnituresco.com\/pt\/estabilidade-e-carateristicas-do-guarda-chuva-cantilever\/\" data-wpil-monitor-id=\"380\">estabilidade<\/a> mesmo em condi\u00e7\u00f5es de \u201ct\u00fanel de vento\u201d de arranha-c\u00e9us.<\/li>\n<li>Criam uma sombra direcionada para utiliza\u00e7\u00e3o a meio do dia e dependem de pain\u00e9is inclinados ou adicionais para cobertura solar de baixo \u00e2ngulo.<\/li>\n<\/ul>\n<p>Esta abordagem pr\u00e1tica explica porque \u00e9 que o melhor design de meio guarda-chuva supera consistentemente os modelos de tamanho normal em varandas estreitas, combinando uma forma compacta com uma poderosa prote\u00e7\u00e3o solar.<\/p>\n<h2>Carater\u00edsticas a ter em conta num meio guarda-chuva<\/h2>\n<blockquote style=\"border-left: 4px solid #fa8500; padding: 12px 18px; margin: 20px 0; background-color: #f9f9f9;\"><p>Para um meio guarda-chuva numa varanda min\u00fascula, d\u00ea prioridade a um design de costas planas, que abra\u00e7a a parede, com cerca de <strong>2,4\u20132,7 m<\/strong> (<strong>2.4-2.7 m<\/strong>) largura da copa, meia base ou um quarto de base, <strong>UPF 50+<\/strong> Tecido de prote\u00e7\u00e3o UV, um <a href=\"https:\/\/patiofurnituresco.com\/pt\/mecanismos-de-inclinacao-para-guarda-sois-de-patio-durabilidade-uso-comercial\/\" data-wpil-monitor-id=\"373\">mecanismo de inclina\u00e7\u00e3o com manivela<\/a> e um poste de alum\u00ednio ou a\u00e7o resistente \u00e0 ferrugem, dimensionado para a altura do seu corrim\u00e3o.<\/p><\/blockquote>\n<p>Um meio guarda-chuva \u00e9 a melhor op\u00e7\u00e3o para pequenas varandas onde n\u00e3o cabe um guarda-chuva de p\u00e1tio completo. Na nossa experi\u00eancia, a escolha certa equilibra dimens\u00f5es compactas, materiais duradouros e ajustabilidade pr\u00e1tica para proporcionar um desempenho fi\u00e1vel em espa\u00e7os exteriores limitados.<\/p>\n<p><img loading=\"lazy\" decoding=\"async\" class=\"aligncenter size-full wp-image-27588311\" src=\"https:\/\/patiofurnituresco.com\/wp-content\/uploads\/2025\/11\/white-half-patio-umbrella-against-wall-for-small-deck.webp\" alt=\"\" width=\"1344\" height=\"756\" srcset=\"https:\/\/patiofurnituresco.com\/wp-content\/uploads\/2025\/11\/white-half-patio-umbrella-against-wall-for-small-deck.webp 1344w, https:\/\/patiofurnituresco.com\/wp-content\/uploads\/2025\/11\/white-half-patio-umbrella-against-wall-for-small-deck-1280x720.webp 1280w, https:\/\/patiofurnituresco.com\/wp-content\/uploads\/2025\/11\/white-half-patio-umbrella-against-wall-for-small-deck-980x551.webp 980w, https:\/\/patiofurnituresco.com\/wp-content\/uploads\/2025\/11\/white-half-patio-umbrella-against-wall-for-small-deck-480x270.webp 480w\" sizes=\"(min-width: 0px) and (max-width: 480px) 480px, (min-width: 481px) and (max-width: 980px) 980px, (min-width: 981px) and (max-width: 1280px) 1280px, (min-width: 1281px) 1344px, 100vw\" \/><\/p>\n<h3>Design e dimens\u00f5es que poupam espa\u00e7o<\/h3>\n<p>Os meios guarda-chuvas t\u00eam uma forma que se adapta perfeitamente a uma parede ou a um corrim\u00e3o. Este design de costas planas optimiza cada cent\u00edmetro de espa\u00e7o utiliz\u00e1vel, ao mesmo tempo que proporciona uma cobertura generosa.<\/p>\n<ul>\n<li>Dossel semi-redondo ou semi-octogonal com um lado plano para ficar encostado \u00e0s paredes.<\/li>\n<li>Largura t\u00edpica da copa das \u00e1rvores <strong>2,4\u20132,7 m<\/strong> (<strong>2.4-2.7 m<\/strong>) - suficientemente largo para ter sombra, mas compacto.<\/li>\n<li>\u2705 Profundidade de <strong>4-4,5 p\u00e9s<\/strong> (<strong>1.2-1.4 m<\/strong>) para dar espa\u00e7o \u00e0s cadeiras e ao movimento.<\/li>\n<li>Design de base de meio ou um quarto posicionando o poste perto da parede para efici\u00eancia de espa\u00e7o.<\/li>\n<\/ul>\n<h3>Materiais do poste e da estrutura para maior durabilidade<\/h3>\n<p>Os materiais da estrutura e do poste definem a dura\u00e7\u00e3o da <a href=\"https:\/\/patiofurnituresco.com\/pt\/guarda-sois-economicos-para-patio-sombra-duradoura\/\" data-wpil-monitor-id=\"381\">o guarda-chuva vai durar<\/a> e como \u00e9 f\u00e1cil de manusear, especialmente em varandas expostas.<\/p>\n<ul>\n<li>As op\u00e7\u00f5es mais comuns incluem a\u00e7o com revestimento em p\u00f3 e alum\u00ednio; o alum\u00ednio oferece um peso mais leve e resist\u00eancia \u00e0 corros\u00e3o.<\/li>\n<li>Os revestimentos resistentes \u00e0 ferrugem prolongam a vida \u00fatil em zonas costeiras ou h\u00famidas.<\/li>\n<li>Di\u00e2metro padr\u00e3o do poste de cerca de <strong>1,5 polegadas<\/strong> (<strong>38 mm<\/strong>) encaixa de forma segura na maioria das meias bases.<\/li>\n<li>Os componentes de alum\u00ednio equilibram a resist\u00eancia, a prote\u00e7\u00e3o contra as intemp\u00e9ries e a portabilidade.<\/li>\n<\/ul>\n<h3>Tecido da cobertura e prote\u00e7\u00e3o UV<\/h3>\n<p>O tecido determina o conforto e a longevidade sob a luz do sol. Procure materiais com prote\u00e7\u00e3o UV que protejam a pele e resistam ao desbotamento.<\/p>\n<ul>\n<li>\u2705 <strong>UPF 50+<\/strong> blocos de tecido sobre <strong>98%<\/strong> dos raios UV prejudiciais.<\/li>\n<li>As coberturas de poli\u00e9ster s\u00e3o econ\u00f3micas, mas podem desvanecer-se mais rapidamente.<\/li>\n<li>Os acr\u00edlicos tingidos por solu\u00e7\u00e3o, como o Sunbrella, resistem ao desbotamento e duram muito mais tempo.<\/li>\n<li>Os acabamentos repelentes de \u00e1gua ajudam quando as varandas t\u00eam uma prote\u00e7\u00e3o a\u00e9rea limitada.<\/li>\n<\/ul>\n<h3>Carater\u00edsticas de ajustabilidade e facilidade de utiliza\u00e7\u00e3o<\/h3>\n<p>As carater\u00edsticas de utiliza\u00e7\u00e3o fazem uma grande diferen\u00e7a quando se instala a sombra em espa\u00e7os de varanda apertados. Os mecanismos que reduzem o esfor\u00e7o aumentam o conforto e a seguran\u00e7a.<\/p>\n<ul>\n<li>Os sistemas de eleva\u00e7\u00e3o por manivela permitem uma abertura e um fecho f\u00e1ceis com um esfor\u00e7o m\u00ednimo.<\/li>\n<li>As fun\u00e7\u00f5es de bot\u00e3o de press\u00e3o ou de inclina\u00e7\u00e3o autom\u00e1tica permitem que a cobertura siga o \u00e2ngulo do sol.<\/li>\n<li>Um design combinado de inclina\u00e7\u00e3o e manivela mant\u00e9m a sombra durante todo o dia sem mover a base.<\/li>\n<li>Estes ajustes minimizam a necessidade de reposicionar m\u00f3veis ou bases.<\/li>\n<\/ul>\n<h3>Resist\u00eancia ao vento e considera\u00e7\u00f5es de estabilidade<\/h3>\n<p>O vento pode ser uma preocupa\u00e7\u00e3o em varandas de arranha-c\u00e9us, pelo que os melhores modelos de meio guarda-chuva incluem carater\u00edsticas que gerem o fluxo de ar e melhoram a estabilidade.<\/p>\n<ul>\n<li>\u2705 <a href=\"https:\/\/patiofurnituresco.com\/pt\/resistencia-ao-vento-do-guarda-sol-de-patio-de-3-niveis\/\" data-wpil-monitor-id=\"377\">Ventiladores<\/a> no topo da copa das \u00e1rvores libertam press\u00e3o durante as rajadas.<\/li>\n<li>As bases de costas planas ficam perto da parede, limitando o ponto de alavancagem do guarda-chuva no vento.<\/li>\n<li>As bases ponderadas que aceitam lastro de areia ou \u00e1gua aumentam a estabilidade, especialmente em altitudes mais elevadas.<\/li>\n<li>\u26a0\ufe0f Feche sempre o guarda-chuva durante tempestades ou ventos fortes por raz\u00f5es de seguran\u00e7a.<\/li>\n<\/ul>\n<h3>Durabilidade e manuten\u00e7\u00e3o para a longevidade<\/h3>\n<p>Um meio guarda-chuva bem fabricado deve durar v\u00e1rias esta\u00e7\u00f5es com cuidados simples. As carater\u00edsticas que simplificam a limpeza ou a arruma\u00e7\u00e3o fora de \u00e9poca acrescentam um valor significativo.<\/p>\n<ul>\n<li>O tecido resistente aos raios UV e os componentes met\u00e1licos resistentes \u00e0 corros\u00e3o prolongam a vida \u00fatil.<\/li>\n<li>A constru\u00e7\u00e3o leve facilita a sua utiliza\u00e7\u00e3o no interior durante as \u00e9pocas baixas.<\/li>\n<li>As coberturas amov\u00edveis e os mecanismos f\u00e1ceis de utilizar ajudam na limpeza e na arruma\u00e7\u00e3o.<\/li>\n<li>Utilizar coberturas de prote\u00e7\u00e3o ou guardar no interior durante o inverno para evitar o desbotamento e a ferrugem.<\/li>\n<\/ul>\n<div style=\"background: #fa8500; border-radius: 8px; padding: 35px; margin: 40px 0; display: flex; flex-wrap: wrap; align-items: center; justify-content: space-between; gap: 30px; box-shadow: 0 4px 15px rgba(156, 19, 25, 0.15);\">\n<div style=\"flex: 1 1 350px; min-width: 300px;\">\n<h2 style=\"margin-top: 0; color: #ffffff; font-size: 26px; font-weight: bold; line-height: 1.3;\">Eleve os seus espa\u00e7os exteriores com solu\u00e7\u00f5es de sombreamento comerciais personalizadas<\/h2>\n<p style=\"font-size: 16px; color: #f0f0f0; line-height: 1.6; margin: 15px 0 25px 0; opacity: 0.95;\">Fa\u00e7a parceria diretamente com um fabricante de confian\u00e7a que oferece guarda-chuvas para exterior duradouros e inovadores com baixos MOQs e personaliza\u00e7\u00e3o total do OEM. Desbloqueie a qualidade superior e a log\u00edstica global concebida para expandir o seu neg\u00f3cio com confian\u00e7a.<\/p>\n<p><a style=\"display: inline-block; background: #FFFFFF; color: #fa8500; padding: 12px 24px; font-family: 'Rubik', sans-serif; font-weight: bold; font-size: 16px; border-radius: 4px; text-decoration: none; transition: all 0.3s ease; box-shadow: 0 2px 5px rgba(0,0,0,0.1);\" href=\"https:\/\/patiofurnituresco.com\/pt\/fabricante-de-guarda-sois-para-patios\/\" target=\"_blank\" rel=\"noopener\"> Inicie o seu projeto personalizado \u2192 <\/a><\/p>\n<\/div>\n<div style=\"flex: 0 1 300px; min-width: 250px; text-align: center;\"><img decoding=\"async\" style=\"width: 100%; max-width: 300px; height: auto; border-radius: 6px; box-shadow: 0 4px 10px rgba(0,0,0,0.2); object-fit: cover;\" src=\"https:\/\/patiofurnituresco.com\/wp-content\/uploads\/2025\/09\/solar-lighted-umbrella4-1.webp\" alt=\"Guarda-chuva de p\u00e1tio comercial com ilumina\u00e7\u00e3o solar em ambiente exterior\" \/><\/div>\n<\/div>\n<h2>Conselhos de instala\u00e7\u00e3o para guarda-chuvas de varanda<\/h2>\n<blockquote style=\"border-left: 4px solid #fa8500; padding: 12px 18px; margin: 20px 0; background-color: #f9f9f9;\"><p>Para uma instala\u00e7\u00e3o segura e est\u00e1vel de meios guarda-chuvas ou guarda-chuvas de varanda em varandas pequenas, utilize uma base que encaixe bem no var\u00e3o e que pese mais do que o m\u00ednimo, normalmente <strong>50-70+<\/strong> libras para <a href=\"https:\/\/patiofurnituresco.com\/pt\/guia-de-selecao-de-tamanhos-de-guarda-sois-para-patios\/\" data-wpil-monitor-id=\"369\">guarda-chuvas de tamanho<\/a> <strong>7.5-9<\/strong> p\u00e9s. O dossel deve estender-se <strong>2\u20133<\/strong> p\u00e9s para al\u00e9m da \u00e1rea sombreada, de modo a proporcionar uma cobertura eficaz, permitindo simultaneamente um espa\u00e7o livre suficiente para uma circula\u00e7\u00e3o segura.<\/p><\/blockquote>\n<p>A instala\u00e7\u00e3o do melhor meio guarda-chuva numa varanda pequena requer um equil\u00edbrio entre a efici\u00eancia do espa\u00e7o, a estabilidade estrutural e o ajuste adequado. De acordo com a nossa experi\u00eancia, a aten\u00e7\u00e3o \u00e0s medidas e aos materiais pode evitar a queda, a aglomera\u00e7\u00e3o e o desgaste precoce.<\/p>\n<h3>Adaptar o tamanho do guarda-chuva ao espa\u00e7o da varanda<\/h3>\n<p>O tamanho correto do toldo garante a efici\u00eancia da sombra sem restringir o movimento. O dossel deve estender-se <strong>0,6-0,9 m (2-3 p\u00e9s)<\/strong> para al\u00e9m da \u00e1rea que pretende cobrir para uma prote\u00e7\u00e3o total.<\/p>\n<ul>\n<li>Utilizar uma cobertura de guarda-chuva que se estenda <strong>0,6-0,9 m (2-3 p\u00e9s)<\/strong> mais largo do que a zona de sombra pretendida.<\/li>\n<li>Exemplo: Para um <strong>4 p\u00e9s<\/strong> mesa, opte por uma <strong>8 p\u00e9s<\/strong> guarda-chuva para obter uma cobertura ideal.<\/li>\n<li>\u26a0\ufe0f Os meios guarda-chuvas em varandas min\u00fasculas t\u00eam normalmente um m\u00e1ximo de <strong>2,5 m (8,2 p\u00e9s)<\/strong> largura para evitar uma sensa\u00e7\u00e3o de sobrelota\u00e7\u00e3o.<\/li>\n<li>\ud83d\udca1 Manter pelo menos <strong>18-24 polegadas (45-60 cm)<\/strong> de espa\u00e7o livre \u00e0 volta do <a href=\"https:\/\/patiofurnituresco.com\/pt\/guarda-sois-para-piscina-resistentes-a-ferrugem-e-ao-cloro\/\" data-wpil-monitor-id=\"382\">guarda-chuva e mobili\u00e1rio para seguran\u00e7a<\/a> passagem.<\/li>\n<\/ul>\n<h3>Escolher a base correta e o encaixe da vara para estabilidade<\/h3>\n<p>O peso da base e o ajuste firme do poste s\u00e3o factores-chave para a estabilidade, especialmente em varandas de edif\u00edcios altos expostas ao vento. Uma liga\u00e7\u00e3o segura reduz o risco de queda e aumenta a seguran\u00e7a do utilizador.<\/p>\n<table style=\"width: 100%; border-collapse: collapse; margin: 20px 0;\">\n<thead style=\"background: #9C1319; color: #ffffff;\">\n<tr>\n<th style=\"padding: 15px; border: 1px solid #ddd;\">Aspecto<\/th>\n<th style=\"padding: 15px; border: 1px solid #ddd;\">Diretrizes<\/th>\n<th style=\"padding: 15px; border: 1px solid #ddd;\">\u00cdcone<\/th>\n<\/tr>\n<\/thead>\n<tbody>\n<tr>\n<td style=\"padding: 15px; border: 1px solid #ddd;\">Ajuste do furo da base<\/td>\n<td style=\"padding: 15px; border: 1px solid #ddd;\">Di\u00e2metro n\u00e3o superior a <strong>0,25\u2033 (6 mm)<\/strong> maior do que a haste do guarda-chuva<\/td>\n<td style=\"padding: 15px; border: 1px solid #ddd;\">\u2705<\/td>\n<\/tr>\n<tr>\n<td style=\"padding: 15px; border: 1px solid #ddd;\">F\u00f3rmula de peso<\/td>\n<td style=\"padding: 15px; border: 1px solid #ddd;\">Largura do dossel (<strong>p\u00e9s<\/strong>) \u00d7 <strong>4,5 kg<\/strong> para um peso m\u00ednimo de base<\/td>\n<td style=\"padding: 15px; border: 1px solid #ddd;\">\ud83d\udca1<\/td>\n<\/tr>\n<tr>\n<td style=\"padding: 15px; border: 1px solid #ddd;\">Recomendado<\/td>\n<td style=\"padding: 15px; border: 1px solid #ddd;\"><strong>75 lb<\/strong> para <strong>2,3 m<\/strong> e <strong>90 lb<\/strong> para <strong>2,7 m<\/strong> guarda-chuvas<\/td>\n<td style=\"padding: 15px; border: 1px solid #ddd;\">\u2705<\/td>\n<\/tr>\n<tr>\n<td style=\"padding: 15px; border: 1px solid #ddd;\">Exposi\u00e7\u00e3o ao vento<\/td>\n<td style=\"padding: 15px; border: 1px solid #ddd;\">Aumentar o peso de base acima do m\u00ednimo, por exemplo, <strong>70-75 lb<\/strong> para zonas altas<\/td>\n<td style=\"padding: 15px; border: 1px solid #ddd;\">\u26a0\ufe0f<\/td>\n<\/tr>\n<tr>\n<td style=\"padding: 15px; border: 1px solid #ddd;\">Ancoragem<\/td>\n<td style=\"padding: 15px; border: 1px solid #ddd;\">Fixar com parafusos ou sec\u00e7\u00f5es ponderadas para maior estabilidade<\/td>\n<td style=\"padding: 15px; border: 1px solid #ddd;\">\ud83d\ude80<\/td>\n<\/tr>\n<\/tbody>\n<\/table>\n<h3>Considera\u00e7\u00f5es sobre a qualidade e a durabilidade do material<\/h3>\n<p>Uma qualidade elevada <a href=\"https:\/\/patiofurnituresco.com\/pt\/guarda-sois-de-aluminio-vs-madeira-durabilidade-manutencao\/\" data-wpil-monitor-id=\"364\">o guarda-chuva dura mais tempo<\/a> e tem um melhor desempenho quando exposto ao sol e ao vento. O peso do toldo, o material da vara e o design geral influenciam fortemente o tempo de vida.<\/p>\n<ul>\n<li>O tecido premium do toldo pesa mais do que <strong>5,31 oz\/yd\u00b2<\/strong>; <strong>6,5 oz\/yd\u00b2+<\/strong> oferece uma maior resist\u00eancia aos raios UV e ao vento.<\/li>\n<li>\u26a0\ufe0f Tecidos de baixa qualidade sob <strong>4,4 oz\/yd\u00b2<\/strong> desgastam-se mais rapidamente e necessitam de ser substitu\u00eddos mais cedo.<\/li>\n<li>Di\u00e2metros dos postes entre <strong>1.5\u2033-2.5\u2033<\/strong> s\u00e3o ideais para pequenas varandas, proporcionando uma estrutura compacta mas robusta.<\/li>\n<li>Postes de qualidade comercial de <strong>3-4\u2033<\/strong> adequam-se a telhados ou grandes terra\u00e7os, embora sejam demasiado grandes para varandas compactas.<\/li>\n<\/ul>\n<h3>Melhores pr\u00e1ticas de coloca\u00e7\u00e3o e instala\u00e7\u00e3o para varandas pequenas<\/h3>\n<p>A coloca\u00e7\u00e3o correta ajuda a utilizar eficazmente cada cent\u00edmetro de uma varanda estreita, reduzindo o stress estrutural. D\u00ea prioridade \u00e0 seguran\u00e7a, funcionalidade e acessibilidade em alinhamento com pontos de fixa\u00e7\u00e3o e entradas.<\/p>\n<ul>\n<li>Monte os meios guarda-chuvas de p\u00f3lo central em bases estreitas e planas alinhadas com as paredes ou com as grades para poupar espa\u00e7o no ch\u00e3o.<\/li>\n<li>Manter uma dist\u00e2ncia de marcha de pelo menos <strong>18-24 polegadas<\/strong> \u00e0 volta dos m\u00f3veis e da base do guarda-chuva.<\/li>\n<li>\u26a0\ufe0f Evitar tamanhos salientes que bloqueiem as portas ou interfiram com as grades.<\/li>\n<li>Utilizar mecanismos de inclina\u00e7\u00e3o para seguir a <a href=\"https:\/\/patiofurnituresco.com\/pt\/instalacao-e-manutencao-de-velas-de-sombra\/\" data-wpil-monitor-id=\"374\">sol e maximizar a sombra<\/a> de coberturas mais pequenas.<\/li>\n<li>\u26a0\ufe0f Para varandas com muito tr\u00e1fego ou partilhadas, aparafuse as bases para minimizar o movimento e potenciais riscos de responsabilidade.<\/li>\n<\/ul>\n<h3>Erros comuns de instala\u00e7\u00e3o a evitar<\/h3>\n<p>O dimensionamento incorreto, as bases leves ou a fixa\u00e7\u00e3o inadequada podem comprometer a seguran\u00e7a e reduzir a vida \u00fatil do produto. Evite estes erros frequentes para garantir uma utiliza\u00e7\u00e3o di\u00e1ria fi\u00e1vel.<\/p>\n<ul>\n<li>Sele\u00e7\u00e3o de guarda-chuvas demasiado grandes para a profundidade dispon\u00edvel, obstruindo passagens seguras.<\/li>\n<li>\u26a0\ufe0f A utiliza\u00e7\u00e3o de bases com peso insuficiente ou de acess\u00f3rios de poste soltos aumenta o risco de queda.<\/li>\n<li>Negligenciar as regras de peso de base relacionadas com a largura do guarda-chuva e as condi\u00e7\u00f5es de exposi\u00e7\u00e3o.<\/li>\n<li>\u26a0\ufe0f N\u00e3o fixar com parafusos ou \u00e2ncoras em instala\u00e7\u00f5es ventosas ou com v\u00e1rias unidades.<\/li>\n<li>Ignorar a qualidade do tecido do dossel sob <strong>4,4 oz\/yd\u00b2<\/strong>, o que acelera a deteriora\u00e7\u00e3o e o custo de substitui\u00e7\u00e3o.<\/li>\n<\/ul>\n<h2>Manuten\u00e7\u00e3o e cuidados a ter com o seu meio guarda-chuva<\/h2>\n<blockquote style=\"border-left: 4px solid #fa8500; padding: 12px 18px; margin: 20px 0; background-color: #f9f9f9;\"><p>A limpeza de rotina com \u00e1gua e sab\u00e3o neutro, o tratamento imediato de manchas e bolor, o fecho do guarda-chuva quando n\u00e3o est\u00e1 a ser utilizado e o armazenamento seco e coberto fora de \u00e9poca podem acrescentar v\u00e1rios anos \u00e0 vida \u00fatil de um meio guarda-chuva utilizado numa pequena varanda.<\/p><\/blockquote>\n<p>Manter o seu meio guarda-chuva nas melhores condi\u00e7\u00f5es significa mais do que uma simples limpeza. A manuten\u00e7\u00e3o cuidadosa da cobertura e da estrutura ajuda a garantir um bom desempenho esta\u00e7\u00e3o ap\u00f3s esta\u00e7\u00e3o, especialmente em espa\u00e7os de varanda compactos expostos ao sol e \u00e0 humidade.<\/p>\n<h3>Limpeza de rotina e tratamento de n\u00f3doas<\/h3>\n<p>Uma limpeza consistente mant\u00e9m o seu guarda-chuva com um aspeto elegante e evita o desgaste prematuro do tecido. A aten\u00e7\u00e3o regular evita a acumula\u00e7\u00e3o de sujidade, bolor e outras manchas que enfraquecem a cobertura ao longo do tempo.<\/p>\n<ul>\n<li>Enxaguar a cobertura mensalmente com \u00e1gua limpa, escovando os detritos antes de lavar com sab\u00e3o suave.<\/li>\n<li>\u2705 Mistura <strong>\u00bc de ch\u00e1vena<\/strong> sab\u00e3o neutro por <strong>1 gal\u00e3o<\/strong> de \u00e1gua morna e aplique com uma escova de cerdas macias, enxag\u00fae e deixe secar completamente ao ar antes de fechar.<\/li>\n<li>\u26a0\ufe0f Para o bolor em tecidos resistentes ao branqueamento, utilizar <strong>1 ch\u00e1vena de lix\u00edvia<\/strong> e <strong>\u00bc de ch\u00e1vena de sab\u00e3o<\/strong> por gal\u00e3o de \u00e1gua, embeber at\u00e9 <strong>15 minutos<\/strong>, depois enxaguar e secar ao ar.<\/li>\n<li>Evitar lix\u00edvia em tecidos revestidos para proteger os acabamentos \u00e0 prova de \u00e1gua.<\/li>\n<\/ul>\n<h3>Cuidados mec\u00e2nicos e h\u00e1bitos de utiliza\u00e7\u00e3o<\/h3>\n<p>Para al\u00e9m da limpeza do tecido, pequenas verifica\u00e7\u00f5es mec\u00e2nicas ajudam o seu guarda-chuva a funcionar sem problemas e evitam danos a longo prazo. Uma utiliza\u00e7\u00e3o di\u00e1ria cuidadosa \u00e9 vital quando se trabalha com um espa\u00e7o de varanda limitado.<\/p>\n<ul>\n<li>Inspecionar regularmente as articula\u00e7\u00f5es e as pe\u00e7as m\u00f3veis e lubrificar ligeiramente para um movimento suave.<\/li>\n<li>Lave os caixilhos de alum\u00ednio com \u00e1gua e sab\u00e3o suave; evite produtos de limpeza abrasivos para evitar riscos. Para a madeira, utilize o m\u00ednimo de \u00e1gua, detergente suave e seque bem.<\/li>\n<li>\u26a0\ufe0f Feche sempre o guarda-chuva quando n\u00e3o estiver a ser utilizado para reduzir a exposi\u00e7\u00e3o aos raios UV e o stress do vento.<\/li>\n<li>Fechar a cobertura durante tempestades ou ventos fortes para evitar que se dobre ou rache.<\/li>\n<li>Aperte os parafusos da base ou os bot\u00f5es de forma rotineira para garantir estabilidade e seguran\u00e7a.<\/li>\n<\/ul>\n<h3>Secagem, armazenamento e cuidados fora de \u00e9poca<\/h3>\n<p>A secagem e o armazenamento adequados mant\u00eam o bolor <a href=\"https:\/\/patiofurnituresco.com\/pt\/pecas-de-reposicao-para-guarda-sois-de-patio-reparacao-fornecimento\/\" data-wpil-monitor-id=\"383\">afastar e proteger o guarda-chuva<\/a> moldura. As condi\u00e7\u00f5es de varanda significam frequentemente um fluxo de ar limitado, pelo que as t\u00e9cnicas de secagem s\u00e3o importantes.<\/p>\n<ul>\n<li>Secar sempre ao ar livre a <a href=\"https:\/\/patiofurnituresco.com\/pt\/guarda-chuva-de-patio-preto-estilo-calor-durabilidade\/\" data-wpil-monitor-id=\"384\">guarda-chuva totalmente aberto antes de fechar para evitar que fique preso<\/a> humidade.<\/li>\n<li>Secar em \u00e1reas sombreadas e bem ventiladas, longe do sol direto, ap\u00f3s limpezas profundas.<\/li>\n<li>\u26a0\ufe0f Utilize uma capa protetora quando guardar o guarda-chuva durante longos per\u00edodos de tempo.<\/li>\n<li>Armazenar num local seco e ventilado, na vertical ou na horizontal, para evitar que a estrutura se deforme.<\/li>\n<li>Arejar o guarda-chuva se este ficar h\u00famido durante o armazenamento para evitar bolor.<\/li>\n<\/ul>\n<h3>Considera\u00e7\u00f5es sobre o tecido e a prote\u00e7\u00e3o UV<\/h3>\n<p>A qualidade do tecido e os h\u00e1bitos de manuten\u00e7\u00e3o definem o tempo que o seu meio guarda-chuva se mant\u00e9m atraente e funcional. A escolha do material de cobertura correto que ofere\u00e7a resist\u00eancia ao desbotamento e aos raios UV \u00e9 essencial para as instala\u00e7\u00f5es de varanda.<\/p>\n<ul>\n<li>Os tecidos acr\u00edlicos tingidos em solu\u00e7\u00e3o oferecem uma prote\u00e7\u00e3o fi\u00e1vel contra o desbotamento e os raios UV, fi\u00e1vel em aplica\u00e7\u00f5es comerciais.<\/li>\n<li>Uma vez que os guarda-s\u00f3is de varanda est\u00e3o sujeitos a um stress localizado, uma limpeza consistente e um tecido resistente ao desbotamento ajudam a reduzir a degrada\u00e7\u00e3o dos raios UV.<\/li>\n<li>\u26a0\ufe0f O p\u00f3, o p\u00f3len e os excrementos das aves podem manchar permanentemente - lave regularmente com uma mangueira e trate imediatamente as manchas.<\/li>\n<li>\u2705 Fechar e <a href=\"https:\/\/patiofurnituresco.com\/pt\/dicas-para-a-instalacao-de-coberturas-de-protecao-para-guarda-sois-de-patio\/\" data-wpil-monitor-id=\"375\">cobrir o guarda-chuva<\/a> sempre que poss\u00edvel, para prolongar a sua vida \u00fatil por v\u00e1rios anos.<\/li>\n<\/ul>\n<h3>Conselhos cr\u00edticos de manuten\u00e7\u00e3o e perspectivas de seguran\u00e7a<\/h3>\n<p>As varandas pequenas apresentam desafios \u00fanicos no que diz respeito \u00e0 seguran\u00e7a dos guarda-chuvas e ao equil\u00edbrio estrutural. Os passos preventivos de rotina minimizam riscos como a acumula\u00e7\u00e3o de bolor e a instabilidade da estrutura.<\/p>\n<ul>\n<li>\u26a0\ufe0f Evite fechar um guarda-chuva h\u00famido junto \u00e0s paredes; a humidade acumulada provoca bolor.<\/li>\n<li>Manter a cobertura ligeiramente aberta e afastada das paredes durante a secagem para melhorar o fluxo de ar e evitar o bolor.<\/li>\n<li>Examine regularmente as articula\u00e7\u00f5es de inclina\u00e7\u00e3o, as manivelas e as nervuras, aplicando lubrifica\u00e7\u00e3o para evitar danos.<\/li>\n<li>\u26a0\ufe0f Nas varandas dos andares superiores, certifique-se de que todos os parafusos e bases est\u00e3o apertados para evitar que tombem.<\/li>\n<li>Definir calend\u00e1rios de manuten\u00e7\u00e3o consistentes e solu\u00e7\u00f5es de limpeza espec\u00edficas para reduzir as substitui\u00e7\u00f5es e os pedidos de garantia.<\/li>\n<\/ul>\n<p>Na nossa experi\u00eancia de fabrico de guarda-chuvas para projectos de hotelaria de elevado tr\u00e1fego, a manuten\u00e7\u00e3o adequada tem um impacto direto na vida \u00fatil e na utiliza\u00e7\u00e3o. Estas mesmas pr\u00e1ticas de cuidados profissionais podem ajudar os moradores de apartamentos a tirar o m\u00e1ximo partido do <strong>os melhores meios guarda-chuvas<\/strong> nas suas pequenas varandas.<\/p>\n<h2>Compara\u00e7\u00e3o entre meio guarda-chuva e guarda-chuva de tamanho normal<\/h2>\n<blockquote style=\"border-left: 4px solid #fa8500; padding: 12px 18px; margin: 20px 0; background-color: #f9f9f9;\"><p>Os meios guarda-chuvas proporcionam uma cobertura de sombra por p\u00e9 quadrado semelhante \u00e0 dos guarda-chuvas de tamanho normal, mas utilizam aproximadamente <strong>40-50%<\/strong> ocupam menos espa\u00e7o no ch\u00e3o, o que os torna ideais para varandas estreitas de apartamentos, onde as bases e os doss\u00e9is de guarda-chuva de tamanho normal n\u00e3o s\u00e3o pr\u00e1ticos.<\/p><\/blockquote>\n<p>As varandas dos apartamentos t\u00eam muitas formas e tamanhos, deixando muitas vezes pouco espa\u00e7o para as tradicionais configura\u00e7\u00f5es de mobili\u00e1rio de exterior. Na nossa experi\u00eancia de trabalho com promotores imobili\u00e1rios e retalhistas, a escolha entre um meio guarda-chuva e um guarda-chuva de tamanho normal depende da efic\u00e1cia com que cada design se adapta ao espa\u00e7o dispon\u00edvel, mantendo uma cobertura de sombra adequada.<\/p>\n<h3>Dimens\u00f5es e cobertura de sombra<\/h3>\n<p>O tamanho \u00e9 importante para equilibrar a prote\u00e7\u00e3o e a propor\u00e7\u00e3o. Os guarda-chuvas de tamanho normal variam normalmente entre <strong>6-10 p\u00e9s<\/strong> de di\u00e2metro, produzindo cerca de <strong>33-78 p\u00e9s quadrados<\/strong> de sombra. Funcionam melhor em p\u00e1tios abertos ou decks com disposi\u00e7\u00e3o livre.<\/p>\n<p>Os meios guarda-chuvas, pelo contr\u00e1rio, oferecem um raio de cobertura de cerca de <strong>6,5-7,5 p\u00e9s<\/strong>, criando entre <strong>30-44 p\u00e9s quadrados<\/strong> de sombra utiliz\u00e1vel. Este rendimento eficiente proporciona uma cobertura por metro quadrado quase igual \u00e0 dos modelos maiores, mantendo-se suficientemente compacto para pequenas varandas.<\/p>\n<table style=\"width: 100%; border-collapse: collapse; margin: 20px 0;\">\n<thead style=\"background: #9C1319; color: #ffffff;\">\n<tr>\n<td style=\"padding: 15px; border: 1px solid #ddd;\">Tipo<\/td>\n<td style=\"padding: 15px; border: 1px solid #ddd;\">Di\u00e2metro t\u00edpico<\/td>\n<td style=\"padding: 15px; border: 1px solid #ddd;\">Zona de sombra<\/td>\n<td style=\"padding: 15px; border: 1px solid #ddd;\">Espa\u00e7o recomendado<\/td>\n<\/tr>\n<\/thead>\n<tbody>\n<tr>\n<td style=\"padding: 15px; border: 1px solid #ddd;\">Guarda-chuva de tamanho normal<\/td>\n<td style=\"padding: 15px; border: 1px solid #ddd;\"><strong>6-10 p\u00e9s<\/strong><\/td>\n<td style=\"padding: 15px; border: 1px solid #ddd;\"><strong>33-78+ p\u00e9s quadrados<\/strong><\/td>\n<td style=\"padding: 15px; border: 1px solid #ddd;\">P\u00e1tios e \u00e1reas abertas<\/td>\n<\/tr>\n<tr>\n<td style=\"padding: 15px; border: 1px solid #ddd;\">Meio guarda-chuva<\/td>\n<td style=\"padding: 15px; border: 1px solid #ddd;\"><strong>6,5-7,5 p\u00e9s<\/strong><\/td>\n<td style=\"padding: 15px; border: 1px solid #ddd;\"><strong>30-44 p\u00e9s quadrados<\/strong><\/td>\n<td style=\"padding: 15px; border: 1px solid #ddd;\">Varandas sob <strong>4 m\u00b2<\/strong><\/td>\n<\/tr>\n<\/tbody>\n<\/table>\n<h3>Pegada e efici\u00eancia de espa\u00e7o<\/h3>\n<p>Em espa\u00e7os estreitos, cada cent\u00edmetro conta. A parte traseira plana de um meio guarda-chuva encosta-se perfeitamente a um corrim\u00e3o ou a uma parede, reduzindo a utiliza\u00e7\u00e3o do ch\u00e3o em cerca de <strong>40-50%<\/strong>. Este design que abra\u00e7a a parede mant\u00e9m a cobertura totalmente dentro do espa\u00e7o da varanda.<\/p>\n<ul>\n<li>A parte traseira plana permite a coloca\u00e7\u00e3o contra paredes para uma utiliza\u00e7\u00e3o compacta.<\/li>\n<li>Reduz a utiliza\u00e7\u00e3o do espa\u00e7o no ch\u00e3o <strong>40-50%<\/strong> em compara\u00e7\u00e3o com as vers\u00f5es redondas.<\/li>\n<li>\u26a0\ufe0f Os guarda-chuvas de tamanho normal ultrapassam frequentemente as calhas nas varandas mais estreitas do que <strong>5-6 p\u00e9s<\/strong>.<\/li>\n<\/ul>\n<p>Esta configura\u00e7\u00e3o garante que a zona de sombra utiliz\u00e1vel se insere inteiramente na sua \u00e1rea de estar, tornando o <strong>o melhor meio guarda-chuva<\/strong> tipo especialmente pr\u00e1tico para apartamentos.<\/p>\n<p><img loading=\"lazy\" decoding=\"async\" class=\"aligncenter size-full wp-image-27588536\" src=\"https:\/\/patiofurnituresco.com\/wp-content\/uploads\/2025\/12\/red-half-umbrella-against-brick-wall-small-deck.webp\" alt=\"\" width=\"1344\" height=\"756\" srcset=\"https:\/\/patiofurnituresco.com\/wp-content\/uploads\/2025\/12\/red-half-umbrella-against-brick-wall-small-deck.webp 1344w, https:\/\/patiofurnituresco.com\/wp-content\/uploads\/2025\/12\/red-half-umbrella-against-brick-wall-small-deck-1280x720.webp 1280w, https:\/\/patiofurnituresco.com\/wp-content\/uploads\/2025\/12\/red-half-umbrella-against-brick-wall-small-deck-980x551.webp 980w, https:\/\/patiofurnituresco.com\/wp-content\/uploads\/2025\/12\/red-half-umbrella-against-brick-wall-small-deck-480x270.webp 480w\" sizes=\"(min-width: 0px) and (max-width: 480px) 480px, (min-width: 481px) and (max-width: 980px) 980px, (min-width: 981px) and (max-width: 1280px) 1280px, (min-width: 1281px) 1344px, 100vw\" \/><\/p>\n<h3>Considera\u00e7\u00f5es sobre o peso da base e a estabilidade<\/h3>\n<p>Ambos os tipos de guarda-chuvas precisam de um suporte est\u00e1vel, mas o espa\u00e7o que ocupam difere significativamente. Os guarda-chuvas de tamanho normal requerem bases volumosas que pesam entre <strong>35-75 lb<\/strong> para se manterem seguros, o que pode limitar o movimento e desorganizar \u00e1reas mais pequenas.<\/p>\n<p>Os meios guarda-chuvas utilizam frequentemente bases compactas alinhadas com a parede, com pesos semelhantes ou ligeiramente mais leves. A proximidade da parede melhora naturalmente a resist\u00eancia ao vento, reduzindo a necessidade de um contrapeso excessivo.<\/p>\n<ul>\n<li>As bases mais leves e apoiadas na parede reduzem o risco de trope\u00e7ar.<\/li>\n<li>Ajudar a cumprir os regulamentos de seguran\u00e7a de varandas para habita\u00e7\u00f5es com v\u00e1rias unidades.<\/li>\n<li>\u26a0\ufe0f As bases aut\u00f3nomas pesadas consomem espa\u00e7o valioso.<\/li>\n<\/ul>\n<h3>Caso de utiliza\u00e7\u00e3o adequado para varandas de apartamentos<\/h3>\n<p>Os meios guarda-chuvas brilham onde o espa\u00e7o \u00e9 reduzido. Em varandas sob <strong>4 m\u00b2<\/strong> ou com profundidade inferior a <strong>1,5 m<\/strong>, Com o seu design, conseguem uma cobertura de sombra quase total sem sali\u00eancias ou obstru\u00e7\u00f5es. A sua posi\u00e7\u00e3o contra as paredes mant\u00e9m toda a sombra utiliz\u00e1vel para assentos e decora\u00e7\u00e3o.<\/p>\n<ul>\n<li>Ideal para varandas estreitas e p\u00e1tios apertados.<\/li>\n<li>\u2705 Fornecer perto <strong>100%<\/strong> sombra eficaz em <strong>\u22645 p\u00e9s<\/strong> varandas profundas.<\/li>\n<li>Os guarda-chuvas de tamanho normal s\u00e3o melhores para p\u00e1tios ou \u00e1reas de piscina que necessitem de uma cobertura alargada.<\/li>\n<\/ul>\n<p>Para <a href=\"https:\/\/patiofurnituresco.com\/pt\/guarda-chuvas-comerciais-para-trabalhos-pesados-solucoes-de-sombra-duradouras\/\" data-wpil-monitor-id=\"385\">comercial<\/a> propriedades com v\u00e1rias varandas - tais como hot\u00e9is ou empreendimentos de aluguer - os meios guarda-chuvas ajudam a normalizar as instala\u00e7\u00f5es, mantendo o design uniforme e eficiente em termos de espa\u00e7o.<\/p>\n<h3>Perspetiva cr\u00edtica e equ\u00edvocos comuns<\/h3>\n<p>Muitos assumem que a redu\u00e7\u00e3o para um guarda-chuva redondo mais pequeno funciona para qualquer varanda, mas isso leva muitas vezes a uma cobertura desperdi\u00e7ada ou a um posicionamento estranho. Mesmo com tamanhos de dossel semelhantes, os meios guarda-chuvas t\u00eam um desempenho superior quando o espa\u00e7o na parede \u00e9 reduzido.<\/p>\n<ul>\n<li>A coloca\u00e7\u00e3o de um guarda-chuva redondo no centro de uma pequena varanda protege as \u00e1reas inutiliz\u00e1veis para al\u00e9m do gradeamento.<\/li>\n<li>Os meios guarda-chuvas concentram a sombra onde ela \u00e9 necess\u00e1ria - sobre a mob\u00edlia, n\u00e3o no espa\u00e7o a\u00e9reo.<\/li>\n<li>Os promotores e gestores imobili\u00e1rios ganham com a normaliza\u00e7\u00e3o dos meios guarda-chuvas para reduzir os problemas de encaixe e as queixas.<\/li>\n<\/ul>\n<p>Ao compreender estas distin\u00e7\u00f5es, os decisores podem escolher guarda-chuvas que equilibrem forma, fun\u00e7\u00e3o e conforto para varandas compactas. Para modelos de n\u00edvel profissional, a linha de guarda-chuvas de qualidade contratual da Patiofurnituresco oferece durabilidade a longo prazo e valor direto do fabricante para compradores B2B.<\/p>\n<h2>Perguntas frequentes sobre os meios guarda-chuvas<\/h2>\n<div class=\"faq-container\" style=\"margin-top: 20px;\">\n<details class=\"faq-item\" style=\"margin-bottom: 15px; border: 1px solid #e5e5e5; border-radius: 5px; padding: 15px; background-color: #fff;\">\n<summary style=\"font-size: 18px; color: #fa8500; font-weight: 600; cursor: pointer;\">Para que serve um meio guarda-chuva?<\/summary>\n<div class=\"faq-content\" style=\"margin-top: 12px; color: #333; line-height: 1.6;\">\n<p>Um meio guarda-chuva foi concebido para locais onde um guarda-chuva redondo completo n\u00e3o cabe, como uma varanda estreita, contra uma parede ou junto a um corrim\u00e3o. A sua parte traseira plana permite-lhe ficar encostado a uma superf\u00edcie, proporcionando sombra sem ocupar muito espa\u00e7o.<\/p>\n<p>Os moradores de apartamentos escolhem frequentemente esta forma para maximizar a cobertura em pequenos p\u00e1tios ou decks. Na nossa experi\u00eancia de fornecimento de ambientes comerciais e residenciais, este \u00e9 um dos melhores estilos de meio guarda-chuva para espa\u00e7os exteriores compactos.<\/p>\n<\/div>\n<\/details>\n<details class=\"faq-item\" style=\"margin-bottom: 15px; border: 1px solid #e5e5e5; border-radius: 5px; padding: 15px; background-color: #fff;\">\n<summary style=\"font-size: 18px; color: #fa8500; font-weight: 600; cursor: pointer;\">Os guarda-chuvas de meia haste precisam de uma base especial?<\/summary>\n<div class=\"faq-content\" style=\"margin-top: 12px; color: #333; line-height: 1.6;\">\n<p>Sim, a maioria requer uma base de meio guarda-chuva especializada devido ao seu design de costas planas. Estas bases ficam encostadas a uma parede e fornecem um suporte est\u00e1vel para o mastro.<\/p>\n<p>A Patiofurnituresco produz bases ponderadas com op\u00e7\u00f5es de <strong>15 kg<\/strong> at\u00e9 <strong>30 kg<\/strong>, A base \u00e9 mais resistente, garantindo estabilidade mesmo em zonas com vento. Para varandas com muito vento, escolha uma base mais pesada ou adicione sacos de areia para um equil\u00edbrio extra.<\/p>\n<\/div>\n<\/details>\n<details class=\"faq-item\" style=\"margin-bottom: 15px; border: 1px solid #e5e5e5; border-radius: 5px; padding: 15px; background-color: #fff;\">\n<summary style=\"font-size: 18px; color: #fa8500; font-weight: 600; cursor: pointer;\">Posso colocar um meio guarda-chuva em frente a uma janela?<\/summary>\n<div class=\"faq-content\" style=\"margin-top: 12px; color: #333; line-height: 1.6;\">\n<p>Absolutamente. Os meios guarda-chuvas s\u00e3o ideais para serem colocados em frente a grandes janelas, montras ou portas de vidro, uma vez que a extremidade plana fica bem encostada ao edif\u00edcio sem bloquear a vista.<\/p>\n<p>S\u00e3o tamb\u00e9m uma op\u00e7\u00e3o inteligente para caf\u00e9s ou apartamentos onde \u00e9 necess\u00e1ria sombra sem obstruir a visibilidade do interior. Verifique sempre se a cobertura n\u00e3o ro\u00e7a diretamente no vidro para evitar marcas de desgaste.<\/p>\n<\/div>\n<\/details>\n<details class=\"faq-item\" style=\"margin-bottom: 15px; border: 1px solid #e5e5e5; border-radius: 5px; padding: 15px; background-color: #fff;\">\n<summary style=\"font-size: 18px; color: #fa8500; font-weight: 600; cursor: pointer;\">Qual \u00e9 a largura de um meio guarda-chuva?<\/summary>\n<div class=\"faq-content\" style=\"margin-top: 12px; color: #333; line-height: 1.6;\">\n<p>Os toldos de meio guarda-chuva t\u00edpicos variam entre <strong>7 p\u00e9s<\/strong> para <strong>9 p\u00e9s<\/strong> de largura. Esta largura \u00e9 suficiente para cobrir um pequeno conjunto de refei\u00e7\u00f5es ou duas cadeiras de descanso, mantendo um perfil fino contra a parede.<\/p>\n<p>Patiofurnituresco oferece op\u00e7\u00f5es de dimensionamento OEM, permitindo que os clientes B2B personalizem a largura, altura e contagem de costelas para atender \u00e0s necessidades da marca ou do projeto. Os pedidos personalizados geralmente est\u00e3o prontos em <strong>30-50 dias<\/strong> consoante o volume.<\/p>\n<\/div>\n<\/details>\n<details class=\"faq-item\" style=\"margin-bottom: 15px; border: 1px solid #e5e5e5; border-radius: 5px; padding: 15px; background-color: #fff;\">\n<summary style=\"font-size: 18px; color: #fa8500; font-weight: 600; cursor: pointer;\">Os meios guarda-chuvas s\u00e3o est\u00e1veis ao vento?<\/summary>\n<div class=\"faq-content\" style=\"margin-top: 12px; color: #333; line-height: 1.6;\">\n<p>Os meios guarda-chuvas s\u00e3o est\u00e1veis quando devidamente ponderados e utilizados com a base correta. A sua forma pode apanhar o vento de um lado, pelo que \u00e9 essencial escolher uma estrutura de alum\u00ednio forte e uma fixa\u00e7\u00e3o segura.<\/p>\n<p>Recomendamos a utiliza\u00e7\u00e3o de materiais de qualidade contratual como <strong>Alum\u00ednio T6<\/strong> e <strong>220 g de poli\u00e9ster<\/strong> tecido para um melhor desempenho em ventos moderados. \u26a0\ufe0f Fechar sempre a capota durante tempestades ou rajadas fortes para evitar danos.<\/p>\n<\/div>\n<\/details>\n<\/div>\n<h2>Considera\u00e7\u00f5es finais<\/h2>\n<p>Os meios guarda-chuvas destacam-se como a solu\u00e7\u00e3o de sombra mais pr\u00e1tica para varandas pequenas, combinando um design que poupa espa\u00e7o, materiais duradouros e uma forte prote\u00e7\u00e3o UV numa forma \u00fanica e eficiente. Quando corretamente instalados, mantidos e combinados com o peso correto da base, criam zonas exteriores confort\u00e1veis sem desordem, com um desempenho equivalente ao dos modelos de tamanho normal, utilizando quase metade do espa\u00e7o.<\/p>\n<p>Para os compradores B2B e promotores imobili\u00e1rios, a escolha de fornecedores de qualidade comprovada garante consist\u00eancia na qualidade, conformidade e prazos de entrega. Ao estabelecer parcerias com um fabricante experiente em solu\u00e7\u00f5es de varandas compactas, as empresas simplificam as aquisi\u00e7\u00f5es e proporcionam melhores experi\u00eancias de utiliza\u00e7\u00e3o em todos os projectos, transformando \u00e1reas exteriores limitadas em valiosos espa\u00e7os de habita\u00e7\u00e3o.<\/p>","protected":false},"excerpt":{"rendered":"<p>Small balconies often lack space for full-size patio umbrellas, leaving residents with limited shade options. A half umbrella solves this problem with a flat-back design that fits snugly against walls or railings, offering comfort without occupying valuable floor area. This guide reviews the top half umbrellas of 2026, explains how their design solves small-space challenges, [&hellip;]<\/p>","protected":false},"author":1,"featured_media":27588534,"comment_status":"open","ping_status":"open","sticky":false,"template":"","format":"standard","meta":{"_et_pb_use_builder":"","_et_pb_old_content":"","_et_gb_content_width":"","footnotes":""},"categories":[15],"tags":[],"dipi_cpt_category":[],"class_list":["post-27588517","post","type-post","status-publish","format-standard","has-post-thumbnail","hentry","category-patio-umbrellas"],"_links":{"self":[{"href":"https:\/\/patiofurnituresco.com\/pt\/wp-json\/wp\/v2\/posts\/27588517","targetHints":{"allow":["GET"]}}],"collection":[{"href":"https:\/\/patiofurnituresco.com\/pt\/wp-json\/wp\/v2\/posts"}],"about":[{"href":"https:\/\/patiofurnituresco.com\/pt\/wp-json\/wp\/v2\/types\/post"}],"author":[{"embeddable":true,"href":"https:\/\/patiofurnituresco.com\/pt\/wp-json\/wp\/v2\/users\/1"}],"replies":[{"embeddable":true,"href":"https:\/\/patiofurnituresco.com\/pt\/wp-json\/wp\/v2\/comments?post=27588517"}],"version-history":[{"count":6,"href":"https:\/\/patiofurnituresco.com\/pt\/wp-json\/wp\/v2\/posts\/27588517\/revisions"}],"predecessor-version":[{"id":27588537,"href":"https:\/\/patiofurnituresco.com\/pt\/wp-json\/wp\/v2\/posts\/27588517\/revisions\/27588537"}],"wp:featuredmedia":[{"embeddable":true,"href":"https:\/\/patiofurnituresco.com\/pt\/wp-json\/wp\/v2\/media\/27588534"}],"wp:attachment":[{"href":"https:\/\/patiofurnituresco.com\/pt\/wp-json\/wp\/v2\/media?parent=27588517"}],"wp:term":[{"taxonomy":"category","embeddable":true,"href":"https:\/\/patiofurnituresco.com\/pt\/wp-json\/wp\/v2\/categories?post=27588517"},{"taxonomy":"post_tag","embeddable":true,"href":"https:\/\/patiofurnituresco.com\/pt\/wp-json\/wp\/v2\/tags?post=27588517"},{"taxonomy":"dipi_cpt_category","embeddable":true,"href":"https:\/\/patiofurnituresco.com\/pt\/wp-json\/wp\/v2\/dipi_cpt_category?post=27588517"}],"curies":[{"name":"wp","href":"https:\/\/api.w.org\/{rel}","templated":true}]}}